{"id":96865,"date":"2022-07-07T09:16:50","date_gmt":"2022-07-07T12:16:50","guid":{"rendered":"https:\/\/www.novaconcursos.com.br\/portal\/?post_type=nc-public-tender&#038;p=96865"},"modified":"2025-12-11T17:12:06","modified_gmt":"2025-12-11T20:12:06","slug":"concurso-tjm-mg","status":"publish","type":"post","link":"https:\/\/www.novaconcursos.com.br\/portal\/concursos\/concurso-tjm-mg\/","title":{"rendered":"Concurso TJM MG: Edital para Juiz. Sal\u00e1rio de R$ 33,6 mil!"},"content":{"rendered":"<p>Novidades para os concurseiros! Foi publicado o edital do novo <a href=\"https:\/\/www.novaconcursos.com.br\/portal\/concursos\/concurso-tj-mg\/\" target=\"_blank\" rel=\"noopener\"><strong>concurso TJM MG<\/strong><\/a> (Tribunal de Justi\u00e7a Militar do Estado de Minas Gerais) com a oferta de <strong>06 oportunidades<\/strong> imediatas e efetivas para o cargo de <strong>Juiz Substituto.<\/strong><\/p>\n<p>Al\u00e9m disso, tamb\u00e9m poder\u00e1 ser formado um<strong> cadastro reserva<\/strong> que poder\u00e1 ser convocado durante todo o<strong> per\u00edodo de validade<\/strong> do certame. Ademais, as inscri\u00e7\u00f5es ocorrer\u00e3o entre os meses de<strong> setembro e outubro.<\/strong><\/p>\n<p>Sendo assim, se voc\u00ea se interessa pela nova sele\u00e7\u00e3o, confira<strong> todos os detalhes<\/strong> abaixo!<\/p>\n<ul><li><a class=\"_ps2id\" href=\"#inscri%C3%A7%C3%B5es\" data-ps2id-offset=\"\">Inscri\u00e7\u00f5es<\/a>\n<ul><li><a class=\"_ps2id\" href=\"#isen%C3%A7%C3%A3o\" data-ps2id-offset=\"\">Isen\u00e7\u00e3o de taxa<\/a><\/li>\n<\/ul><\/li>\n<li><a class=\"_ps2id\" href=\"#vagas\" data-ps2id-offset=\"\">Vagas, cargos e sal\u00e1rios<\/a><\/li>\n<li><a class=\"_ps2id\" href=\"#requisitos\" data-ps2id-offset=\"\">Requisitos b\u00e1sicos<\/a><\/li>\n<li><a class=\"_ps2id\" href=\"#provas\" data-ps2id-offset=\"\">Provas<\/a>\n<ul><li><a class=\"_ps2id\" href=\"#escritas\" data-ps2id-offset=\"\">Provas Escritas<\/a><\/li>\n<li><a class=\"_ps2id\" href=\"#oral\" data-ps2id-offset=\"\">Prova Oral<\/a><\/li>\n<\/ul><\/li>\n<\/ul><h2 id=\"ps2id-idinscries-targetconcurso-tjm-mg-inscries\">[ps2id id=\u2019inscri\u00e7\u00f5es\u2019 target=\u201d\/]Concurso TJM MG: inscri\u00e7\u00f5es<\/h2>\n<p>Nesse sentido, \u00e9 essencial que os interessados no novo concurso TJM MG saibam que poder\u00e3o realizar sua inscri\u00e7\u00e3o <strong>entre os dias 12 de setembro e 11 de outubro<\/strong> por meio do site do pr\u00f3prio <a href=\"https:\/\/tjmmg.jus.br\/concurso-servidores\/\" target=\"_blank\" rel=\"noopener noreferrer\">Tribunal.<\/a><\/p>\n<p>Al\u00e9m disso, para efetivar a participa\u00e7\u00e3o \u00e9 preciso que os candidatos efetuem,<strong> at\u00e9 o dia 11 de outubro,<\/strong> o pagamento da <strong>taxa de inscri\u00e7\u00e3o,<\/strong> que possui o valor fixo de <strong>R$ 330,00.<\/strong><\/p>\n<p>Estude para o concurso dos seus sonhos com a <a href=\"https:\/\/aprovacao.novaconcursos.com.br\/assinatura\" target=\"_blank\" rel=\"noopener noreferrer\">Assinatura Completa da Nova.<\/a> Tenha acesso a <strong>Cursos, Plataforma de Quest\u00f5es, Eventos Exclusivos<\/strong> para Assinantes e Muito Mais!<\/p>\n<h3>[ps2id id=\u2019isen\u00e7\u00e3o\u2019 target=\u201d\/]Isen\u00e7\u00e3o de taxa<\/h3>\n<p>\u00c9 igualmente essencial que os concurseiros saibam que tamb\u00e9m entre os dias <strong>12 de setembro e 11 de outubro<\/strong> poder\u00e3o solicitar a <strong>isen\u00e7\u00e3o de taxa<\/strong> aqueles que se encaixem nos perfis abaixo:<\/p>\n<ul><li>candidato comprovadamente desempregado;<\/li>\n<li>inscrito no Cadastro \u00danico para Programas Sociais do Governo Federal \u2013 CadU\u0301nico.<\/li>\n<\/ul><h2 id=\"ps2id-idvagas-targetvagas-cargos-e-salrios\">[ps2id id=\u2019vagas\u2019 target=\u201d\/]Vagas, cargos e sal\u00e1rios<\/h2>\n<p>Sendo assim, o novo concurso do Tribunal de Justi\u00e7a Militar do Estado de <a href=\"https:\/\/www.novaconcursos.com.br\/portal\/concursos-abertos\/mg\/\">Minas Gerais<\/a> oferta <strong>06 oportunidades<\/strong> efetivas e imediatas para o cargo de <strong>Juiz Substituto.<\/strong><\/p>\n<p>Al\u00e9m disso, 04 das vagas s\u00e3o para<strong> ampla concorr\u00eancia,<\/strong> 01 \u00e9 para pessoa com <strong>defici\u00eancia<\/strong> e a \u00faltima \u00e9 destinada a pessoa <strong>negra.<\/strong><\/p>\n<p>Ademais, \u00e9 importante destacar que para concorrer a uma das oportunidades \u00e9 preciso que os concurseiros possuam o <strong>bacharel em Direito<\/strong> h\u00e1, no m\u00ednimo, 03 anos, al\u00e9m de 03 anos de<strong> atividade jur\u00eddica<\/strong> a partir da conclus\u00e3o da gradua\u00e7\u00e3o.<\/p>\n<p>Dessa forma, vale mencionar ainda que tamb\u00e9m poder\u00e1 ser formado um <strong>cadastro reserva<\/strong> que poder\u00e1 ser convocado durante todo o <strong>per\u00edodo de validade<\/strong> do certame.<\/p>\n<p>Nesse sentido, os aprovados no concurso p\u00fablico e contratados pelo \u00f3rg\u00e3o contar\u00e3o com <strong>sal\u00e1rios iniciais<\/strong> no valor de<strong> R$ 33.689,11<\/strong>, segundo o edital.<\/p>\n<h2 id=\"ps2id-idrequisitos-targetquais-so-os-requisitos-bsicos\">[ps2id id=\u2019requisitos\u2019 target=\u201d\/]Quais s\u00e3o os requisitos b\u00e1sicos?<\/h2>\n<p>\u00c9 igualmente essencial que os interessados na nova sele\u00e7\u00e3o saibam que, para a <strong>investidura nos cargos,<\/strong> dever\u00e3o ser cumpridos os <strong>requisitos b\u00e1sicos<\/strong> indicados abaixo:<\/p>\n<ul><li>ser aprovado no presente concurso;<\/li>\n<li>estar no exerc\u00edcio dos direitos civis e pol\u00edticos;<\/li>\n<li>ter nacionalidade brasileira;<\/li>\n<li>estar em dia com as obriga\u00e7\u00f5es eleitorais e, em caso de candidato do sexo masculino, tamb\u00e9m com as militares;<\/li>\n<li>ser bacharel em Direito, ha\u0301, no m\u00ednimo, 3 (tr\u00eas) anos, por institui\u00e7\u00e3o de ensino superior oficial ou reconhecida, com diploma registrado na forma da lei;<\/li>\n<li>ter completado, ate\u0301 o t\u00e9rmino do prazo para a inscri\u00e7\u00e3o definitiva, 3 (tr\u00eas) anos de atividade jur\u00eddica, exercida a partir da conclus\u00e3o do curso de gradua\u00e7\u00e3o em Direito, na forma definida no art. 93, inciso I, da Constitui\u00e7\u00e3o da Rep\u00fablica de 1988, e no art. 59 da Resolu\u00e7\u00e3o do Conselho Nacional de Justi\u00e7a n. 75, de 2009;<\/li>\n<li>n\u00e3o registrar antecedentes criminais;<\/li>\n<li>n\u00e3o estar sendo processado nem ter sofrido penalidades por pr\u00e1tica de atos desabonadores no exerc\u00edcio profissional;<\/li>\n<li>comprovar sa\u00fade f\u00edsica e mental adequadas para o exerc\u00edcio do cargo;<\/li>\n<li>apresentar bons antecedentes morais e sociais;<\/li>\n<li>possuir caracter\u00edsticas psicol\u00f3gicas adequadas para o exerc\u00edcio do cargo.<\/li>\n<\/ul><h2 id=\"ps2id-idprovas-targetconcurso-tjm-mg-como-sero-as-provas\">[ps2id id=\u2019provas\u2019 target=\u201d\/]Concurso TJM MG: como ser\u00e3o as provas?<\/h2>\n<p>Por fim, tamb\u00e9m \u00e9 imprescind\u00edvel que os candidatos do <a href=\"https:\/\/www.novaconcursos.com.br\/portal\/concursos-previstos\/mg\/\">concurso<\/a> TJM MG saibam que ser\u00e3o avaliados por meio de uma s\u00e9rie de <strong>etapas avaliativas,<\/strong> sendo elas:<\/p>\n<ul><li>prova objetiva seletiva, de car\u00e1ter eliminat\u00f3rio e classificat\u00f3rio;<\/li>\n<li>duas provas escritas, de car\u00e1ter eliminat\u00f3rio e classificat\u00f3rio;<\/li>\n<li>inscri\u00e7\u00e3o definitiva, de car\u00e1ter eliminat\u00f3rio, com as seguintes fases:\n<ul><li>avalia\u00e7\u00e3o m\u00e9dica;<\/li>\n<li>avalia\u00e7\u00e3o psicol\u00f3gica;<\/li>\n<li>sindic\u00e2ncia da vida pregressa e investiga\u00e7\u00e3o social;<\/li>\n<\/ul><\/li>\n<li>prova oral, de car\u00e1ter eliminat\u00f3rio e classificat\u00f3rio;<\/li>\n<li>avalia\u00e7\u00e3o de t\u00edtulos, de car\u00e1ter classificat\u00f3rio.<\/li>\n<\/ul><p>Nesse sentido, a<strong> prova objetiva<\/strong> j\u00e1 est\u00e1 prevista para ser aplicada no dia <strong>20 de novembro de 2022,<\/strong> em Belo Horizonte\/MG, quando os inscritos na sele\u00e7\u00e3o responder\u00e3o a <strong>100 quest\u00f5es<\/strong> de m\u00faltipla escolha acerca das disciplinas a seguir:<\/p>\n<p><strong>Bloco um<\/strong><\/p>\n<ul><li>Direito Penal Militar \u2013 20;<\/li>\n<li>Direito Constitucional \u2013 10;<\/li>\n<li>Direitos Humanos \u2013 5;<\/li>\n<li>No\u00e7\u00f5es Gerais de Direito e Forma\u00e7\u00e3o Human\u00edstica \u2013 5.<\/li>\n<\/ul><p><strong>Bloco dois<\/strong><\/p>\n<ul><li>Direito Processual Penal Militar \u2013 20;<\/li>\n<li>Direito Administrativo \u2013 10.<\/li>\n<\/ul><p><strong>Bloco tr\u00eas<\/strong><\/p>\n<ul><li>Organiza\u00e7\u00e3o Judici\u00e1ria Militar \u2013 5;<\/li>\n<li>Legisla\u00e7\u00e3o Federal e Estadual Relativa \u00e0s Organiza\u00e7\u00f5es Militares Estaduais \u2013 5;<\/li>\n<li>Direito Processual Civil \u2013 20.<\/li>\n<\/ul><p>Portanto, conforme o edital, ser\u00e1 considerado <strong>habilitado<\/strong> na prova objetiva seletiva o candidato que obtiver o m\u00ednimo de<strong> 30% de acertos<\/strong> das quest\u00f5es em cada um dos 3 blocos de disciplinas e m\u00e9dia final de <strong>60% de acertos<\/strong> do total referente a\u0300 soma alg\u00e9brica das notas dos 3 blocos.<\/p>\n<h3>[ps2id id=\u2019escritas\u2019 target=\u201d\/]Provas Escritas<\/h3>\n<p>Por outro lado, para a etapa de<strong> provas escritas<\/strong> ser\u00e3o aplicadas<strong> 2 avalia\u00e7\u00f5es,<\/strong> tamb\u00e9m em Belo Horizonte\/MG, a serem realizadas provavelmente nos dias<strong> 11 e 12 de fevereiro de 2023.<\/strong> Entretanto, as datas ainda ser\u00e3o confirmadas posteriormente pelo \u00f3rg\u00e3o.<\/p>\n<p>Dessa forma, a primeira avalia\u00e7\u00e3o ser\u00e1 <strong>discursiva<\/strong> e valer\u00e1 10 pontos, consistindo em <strong>5 quest\u00f5es<\/strong> relativas a qualquer dos conte\u00fados pertencentes aos conte\u00fados program\u00e1ticos.<\/p>\n<p>Por sua vez, a segunda prova ser\u00e1 <strong>pr\u00e1tica de senten\u00e7a<\/strong>, envolvendo temas jur\u00eddicos constantes do conte\u00fado program\u00e1tico, e consistira\u0301 na lavratura de <strong>2 senten\u00e7as,<\/strong> 1 de natureza c\u00edvel e 1 de natureza penal, realizadas em dias sucessivos.<\/p>\n<p>Al\u00e9m disso, cada uma das senten\u00e7as valer\u00e1 10 pontos, de maneira que em cada uma das provas ser\u00e1 necess\u00e1ria a <strong>nota m\u00ednima de 6 pontos<\/strong> para a aprova\u00e7\u00e3o.<\/p>\n<h3>[ps2id id=\u2019oral\u2019 target=\u201d\/]Prova Oral<\/h3>\n<p>Ademais, est\u00e1 prevista para o m\u00eas de <strong>agosto de 2023<\/strong> a etapa de <strong>prova oral,<\/strong> que ser\u00e1 prestada em sess\u00e3o p\u00fablica, na presen\u00e7a de todos os membros da Comiss\u00e3o de Concurso.<\/p>\n<p>Sendo assim, com <strong>24 horas de anteced\u00eancia<\/strong> da realiza\u00e7\u00e3o da prova oral ocorrer\u00e1 o <strong>sorteio p\u00fablico<\/strong> dos pontos que ser\u00e3o objeto de avalia\u00e7\u00e3o no dia posterior, ao qual o candidato devera\u0301 comparecer pessoalmente.<\/p>\n<p>Al\u00e9m disso, segundo o edital a argui\u00e7\u00e3o do candidato versara\u0301 sobre<strong> conhecimento t\u00e9cnico<\/strong> acerca dos temas relacionados ao ponto sorteado, cabendo a\u0300 Comiss\u00e3o de Concurso avaliar-lhe o dom\u00ednio do conhecimento jur\u00eddico, a adequa\u00e7\u00e3o da linguagem, a articula\u00e7\u00e3o do racioc\u00ednio, a capacidade de argumenta\u00e7\u00e3o e o <strong>uso correto do vern\u00e1culo.<\/strong><\/p>\n<p>Dessa forma, durante a argui\u00e7\u00e3o, <strong>ser\u00e1 permitida a consulta<\/strong> apenas a c\u00f3digos ou legisla\u00e7\u00e3o esparsa n\u00e3o comentados ou anotados, disponibilizados pela Comiss\u00e3o de Concurso.<\/p>","protected":false},"excerpt":{"rendered":"<p>Novidades para os concurseiros! Foi publicado o edital do novo concurso TJM MG (Tribunal de Justi\u00e7a Militar do Estado de Minas Gerais) com a oferta de 06 oportunidades imediatas e efetivas para o cargo de Juiz Substituto.<br \/>\nAl\u00e9m disso, tamb\u00e9m poder\u00e1 ser formado um cadastro reserva que poder\u00e1 ser convocado durante todo o per\u00edodo de validade do certame. Ademais, as inscri\u00e7\u00f5es ocorrer\u00e3o entre os meses de setembro e outubro.<br \/>\nSendo assim, se voc\u00ea se interessa pela nova sele\u00e7\u00e3o, confira todos os detalhes abaixo!<\/p>\n","protected":false},"author":16,"featured_media":164428,"comment_status":"closed","ping_status":"closed","sticky":false,"template":"","format":"standard","meta":{"_acf_changed":false,"footnotes":"","_wp_rev_ctl_limit":""},"categories":[44999],"tags":[],"class_list":["post-96865","post","type-post","status-publish","format-standard","has-post-thumbnail","hentry","category-concursos"],"acf":[],"_links":{"self":[{"href":"https:\/\/www.novaconcursos.com.br\/portal\/wp-json\/wp\/v2\/posts\/96865","targetHints":{"allow":["GET"]}}],"collection":[{"href":"https:\/\/www.novaconcursos.com.br\/portal\/wp-json\/wp\/v2\/posts"}],"about":[{"href":"https:\/\/www.novaconcursos.com.br\/portal\/wp-json\/wp\/v2\/types\/post"}],"author":[{"embeddable":true,"href":"https:\/\/www.novaconcursos.com.br\/portal\/wp-json\/wp\/v2\/users\/16"}],"replies":[{"embeddable":true,"href":"https:\/\/www.novaconcursos.com.br\/portal\/wp-json\/wp\/v2\/comments?post=96865"}],"version-history":[{"count":21,"href":"https:\/\/www.novaconcursos.com.br\/portal\/wp-json\/wp\/v2\/posts\/96865\/revisions"}],"predecessor-version":[{"id":300458,"href":"https:\/\/www.novaconcursos.com.br\/portal\/wp-json\/wp\/v2\/posts\/96865\/revisions\/300458"}],"wp:featuredmedia":[{"embeddable":true,"href":"https:\/\/www.novaconcursos.com.br\/portal\/wp-json\/wp\/v2\/media\/164428"}],"wp:attachment":[{"href":"https:\/\/www.novaconcursos.com.br\/portal\/wp-json\/wp\/v2\/media?parent=96865"}],"wp:term":[{"taxonomy":"category","embeddable":true,"href":"https:\/\/www.novaconcursos.com.br\/portal\/wp-json\/wp\/v2\/categories?post=96865"},{"taxonomy":"post_tag","embeddable":true,"href":"https:\/\/www.novaconcursos.com.br\/portal\/wp-json\/wp\/v2\/tags?post=96865"}],"curies":[{"name":"wp","href":"https:\/\/api.w.org\/{rel}","templated":true}]}}