{"id":96882,"date":"2020-01-15T12:28:30","date_gmt":"2020-01-15T15:28:30","guid":{"rendered":"https:\/\/www.novaconcursos.com.br\/portal\/?p=96882"},"modified":"2020-01-15T12:28:35","modified_gmt":"2020-01-15T15:28:35","slug":"concurso-diplomata-publicado-o-resultado-da-pericia-medica","status":"publish","type":"post","link":"https:\/\/www.novaconcursos.com.br\/portal\/noticias\/concurso-diplomata-publicado-o-resultado-da-pericia-medica\/","title":{"rendered":"Concurso Diplomata: Publicado o resultado da per\u00edcia m\u00e9dica!"},"content":{"rendered":"<p>Foi divulgado o <strong>resultado dos candidatos que prestaram a etapa de per\u00edcia m\u00e9dica<\/strong> do <a href=\"https:\/\/www.novaconcursos.com.br\" target=\"_blank\" rel=\"noreferrer noopener\" aria-label=\"concurso (abre numa nova aba)\">concurso<\/a> <strong>Diplomata<\/strong>. Al\u00e9m do procedimento de <strong>heteroidentifica\u00e7\u00e3o!<\/strong><\/p>\n\n\n\n<p><a href=\"https:\/\/www.novaconcursos.com.br\/portal\/wp-content\/uploads\/2020\/01\/resultado-pericia-medica_diplomata.pdf\" target=\"_blank\" rel=\"noreferrer noopener\" aria-label=\"\u21d2 Confira os resultados da per\u00edcia m\u00e9dica e do procedimento de heteroidentifica\u00e7\u00e3o do concurso Diplomata! \u21d0 (abre numa nova aba)\">\u21d2 Confira os resultados da per\u00edcia m\u00e9dica e do procedimento de heteroidentifica\u00e7\u00e3o do concurso Diplomata! \u21d0<\/a><\/p>\n\n\n\n<h2 class=\"wp-block-heading\" id=\"resultados-da-percia-mdica-e-de-heteroidentificao-do-concurs\">Resultados da per\u00edcia m\u00e9dica e de heteroidentifica\u00e7\u00e3o do\nconcurso Diplomata<\/h2>\n\n\n\n<p>Foram publicados os <strong>resultados preliminares da<\/strong> <strong>per\u00edcia m\u00e9dica<\/strong> dos candidatos que se declararam com defici\u00eancia e do <strong>procedimento de heteroidentifica\u00e7\u00e3o<\/strong> dos candidatos que se autodeclararam negros no concurso Diplomata. As divulga\u00e7\u00f5es foram feitas no <a href=\"http:\/\/www.in.gov.br\/web\/dou\/-\/edital-n-8-de-14-de-janeiro-de-2020-concurso-de-admissao-a-carreira-de-diplomata-238157333\" target=\"_blank\" rel=\"noreferrer noopener\" aria-label=\"Di\u00e1rio Oficial da Uni\u00e3o (abre numa nova aba)\">Di\u00e1rio Oficial da Uni\u00e3o<\/a>.<\/p>\n\n\n\n<p>A <strong>per\u00edcia m\u00e9dica<\/strong> foi realizada em Bras\u00edlia\/DF, no dia <strong>13 de janeiro<\/strong> e o <strong>procedimento de heteroidentifica\u00e7\u00e3o<\/strong> foi realizado no dia <strong>14 de janeiro<\/strong>, tamb\u00e9m em Bras\u00edlia\/DF.<\/p>\n\n\n\n<p>Os candidatos que foram aprovados e classificados dentro do n\u00famero de vagas ofertadas, <strong>ser\u00e3o convocados para apresentarem os documentos para investidura no cargo<\/strong>. Confira a rela\u00e7\u00e3o de documentos necess\u00e1rios:<\/p>\n\n\n\n<ul class=\"wp-block-list\"><li>Documento de identifica\u00e7\u00e3o, com foto, que comprove a nacionalidade brasileira;<\/li><\/ul><ul class=\"wp-block-list\"><li>Certid\u00e3o de nascimento ou de casamento;<\/li><\/ul><ul class=\"wp-block-list\"><li>CPF;<\/li><\/ul><ul class=\"wp-block-list\"><li>T\u00edtulo de eleitor;<\/li><\/ul><ul class=\"wp-block-list\"><li>Certid\u00e3o de quita\u00e7\u00e3o da justi\u00e7a eleitoral;<\/li><\/ul><ul class=\"wp-block-list\"><li>Comprovante de conclus\u00e3o de curso de n\u00edvel superior;<\/li><\/ul><ul class=\"wp-block-list\"><li>Quita\u00e7\u00e3o com as obriga\u00e7\u00f5es militares (para homens);<\/li><\/ul><ul class=\"wp-block-list\"><li>\u00daltima declara\u00e7\u00e3o de imposto de renda (para isentos, redigir declara\u00e7\u00e3o de pr\u00f3prio punho, indicando estar isento de apresenta\u00e7\u00e3o de imposto de renda).<\/li><\/ul><p>Os documentos dever\u00e3o ser apresentados junto com <strong>c\u00f3pias autenticadas ou documentos originais acompanhados com c\u00f3pias simples confer\u00eancia<\/strong>.<\/p>\n\n\n\n<p>Ap\u00f3s a apresenta\u00e7\u00e3o dos documentos solicitados, <strong>os candidatos aprovados ser\u00e3o submetidos ao curso de forma\u00e7\u00e3o<\/strong>, que j\u00e1 teve seu regulamento divulgado, e ter\u00e1 como finalidade capacitar os profissionais que ir\u00e3o ocupar o cargo de <strong>Terceiro-Secret\u00e1rio do Itamaraty<\/strong>.<\/p>\n\n\n\n<div class=\"wp-block-image\"><figure class=\"aligncenter is-resized\"><img decoding=\"async\" src=\"https:\/\/www.novaconcursos.com.br\/portal\/wp-content\/uploads\/2019\/07\/Diplomata-2-1024x683.jpg\" alt=\"Nova-Diplomata\" class=\"wp-image-86823\" width=\"793\" height=\"527\" loading=\"lazy\" title=\"\"><\/figure><\/div>\n\n\n\n<p><strong>O curso de forma\u00e7\u00e3o faz parte do est\u00e1gio probat\u00f3rio e ser\u00e1 realizado em quatro semestres, divididos em dois ciclos<\/strong>. Sendo o <strong>primeiro ciclo<\/strong>, com aulas de conte\u00fados conceituais e profissionalizantes, j\u00e1 o <strong>segundo ciclo<\/strong> com disciplinas profissionalizantes e atividades como viagens de estudos, a\u00e7\u00f5es desenvolvidas, est\u00e1gio profissionalizantes na Secretaria de Estado das Rela\u00e7\u00f5es Exteriores e programas complementares.<\/p>\n\n\n\n<p>Durante os cursos ser\u00e3o ministradas aulas de idiomas de <strong>espanhol, franc\u00eas e ingl\u00eas<\/strong>. A aprova\u00e7\u00e3o no curso de forma\u00e7\u00e3o, <strong>\u00e9 uma condi\u00e7\u00e3o para a confirma\u00e7\u00e3o no Servi\u00e7o Exterior Brasileiro<\/strong>.<\/p>\n\n\n\n<h2 class=\"wp-block-heading\" id=\"mais-de-6-mil-candidatos-inscritos-no-concurso-diplomata\">Mais de 6 mil candidatos inscritos no concurso Diplomata<\/h2>\n\n\n\n<p>Ao todo, o concurso Diplomata teve <strong>6.411 candidatos<\/strong> em busca de uma oportunidade de ingresso no Minist\u00e9rio das Rela\u00e7\u00f5es Exteriores. Como a oferta \u00e9 de <strong>20 vagas<\/strong>, a rela\u00e7\u00e3o de candidato\/vaga \u00e9 de <strong>320,55<\/strong>.<\/p>\n\n\n\n<p>O requisito necess\u00e1rio para ingressar na carreira diplom\u00e1tica, <strong>\u00e9 ter o ensino superior em qualquer \u00e1rea<\/strong>.<\/p>\n\n\n\n<p><strong>Os candidatos aprovados, ainda ir\u00e3o realizar um curso de forma\u00e7\u00e3o de diplomatas no Instituto Rio Branco, em Bras\u00edlia\/DF<\/strong>. No ano de 2017, o ent\u00e3o diretor-geral do IRB, embaixador Jos\u00e9 Estanislau do Amaral, detalhou os princ\u00edpios das aulas.<\/p>\n\n\n\n<p><em>\u201cO principal objetivo do curso \u00e9 aprofundar alguns conhecimentos em pol\u00edtica internacional, economia e l\u00ednguas estrangeiras. Al\u00e9m de ensinar outros aspectos como relacionamento com a imprensa e prepar\u00e1-los, realmente, para a atua\u00e7\u00e3o no exterior\u201d<\/em>, disse o embaixador. <\/p>","protected":false},"excerpt":{"rendered":"<p>Foi divulgado o resultado dos candidatos que prestaram a etapa de per\u00edcia m\u00e9dica do concurso Diplomata. Al\u00e9m do procedimento de heteroidentifica\u00e7\u00e3o! \u21d2 Confira os resultados da per\u00edcia m\u00e9dica e do procedimento de heteroidentifica\u00e7\u00e3o do concurso Diplomata! \u21d0 Resultados da per\u00edcia m\u00e9dica e de heteroidentifica\u00e7\u00e3o do concurso Diplomata Foram publicados os resultados preliminares da per\u00edcia m\u00e9dica [&hellip;]<\/p>\n","protected":false},"author":16,"featured_media":90337,"comment_status":"closed","ping_status":"closed","sticky":false,"template":"","format":"standard","meta":{"_acf_changed":false,"footnotes":"","_wp_rev_ctl_limit":""},"categories":[228],"tags":[],"class_list":["post-96882","post","type-post","status-publish","format-standard","has-post-thumbnail","hentry","category-noticias"],"acf":[],"_links":{"self":[{"href":"https:\/\/www.novaconcursos.com.br\/portal\/wp-json\/wp\/v2\/posts\/96882","targetHints":{"allow":["GET"]}}],"collection":[{"href":"https:\/\/www.novaconcursos.com.br\/portal\/wp-json\/wp\/v2\/posts"}],"about":[{"href":"https:\/\/www.novaconcursos.com.br\/portal\/wp-json\/wp\/v2\/types\/post"}],"author":[{"embeddable":true,"href":"https:\/\/www.novaconcursos.com.br\/portal\/wp-json\/wp\/v2\/users\/16"}],"replies":[{"embeddable":true,"href":"https:\/\/www.novaconcursos.com.br\/portal\/wp-json\/wp\/v2\/comments?post=96882"}],"version-history":[{"count":1,"href":"https:\/\/www.novaconcursos.com.br\/portal\/wp-json\/wp\/v2\/posts\/96882\/revisions"}],"predecessor-version":[{"id":96884,"href":"https:\/\/www.novaconcursos.com.br\/portal\/wp-json\/wp\/v2\/posts\/96882\/revisions\/96884"}],"wp:featuredmedia":[{"embeddable":true,"href":"https:\/\/www.novaconcursos.com.br\/portal\/wp-json\/wp\/v2\/media\/90337"}],"wp:attachment":[{"href":"https:\/\/www.novaconcursos.com.br\/portal\/wp-json\/wp\/v2\/media?parent=96882"}],"wp:term":[{"taxonomy":"category","embeddable":true,"href":"https:\/\/www.novaconcursos.com.br\/portal\/wp-json\/wp\/v2\/categories?post=96882"},{"taxonomy":"post_tag","embeddable":true,"href":"https:\/\/www.novaconcursos.com.br\/portal\/wp-json\/wp\/v2\/tags?post=96882"}],"curies":[{"name":"wp","href":"https:\/\/api.w.org\/{rel}","templated":true}]}}