{"id":96982,"date":"2020-01-17T14:56:43","date_gmt":"2020-01-17T17:56:43","guid":{"rendered":"https:\/\/www.novaconcursos.com.br\/portal\/?p=96982"},"modified":"2020-01-17T14:56:45","modified_gmt":"2020-01-17T17:56:45","slug":"concurso-crn9-divulgado-o-resultado-definitivo-da-prova-de-titulos","status":"publish","type":"post","link":"https:\/\/www.novaconcursos.com.br\/portal\/noticias\/concurso-crn9-divulgado-o-resultado-definitivo-da-prova-de-titulos\/","title":{"rendered":"Concurso CRN9: Divulgado o resultado definitivo da prova de t\u00edtulos!"},"content":{"rendered":"<p>Foi divulgado pelo Conselho Regional de Nutricionistas da 9\u00aa Regi\u00e3o, o <strong>resultado definitivo da prova de t\u00edtulos<\/strong> do <a href=\"https:\/\/www.novaconcursos.com.br\" target=\"_blank\" rel=\"noreferrer noopener\" aria-label=\"concurso (abre numa nova aba)\">concurso<\/a> <strong>CRN9<\/strong>.<\/p>\n\n\n\n<p><a href=\"https:\/\/www.novaconcursos.com.br\/portal\/wp-content\/uploads\/2020\/01\/CRN9-resultado-final-titulo.pdf\" target=\"_blank\" rel=\"noreferrer noopener\" aria-label=\"\u21d2 Confira o resultado definitivo da prova de t\u00edtulos do concurso CRN9! \u21d0 (abre numa nova aba)\">\u21d2 Confira o resultado definitivo da prova de t\u00edtulos do concurso CRN9! \u21d0<\/a><\/p>\n\n\n\n<h2 class=\"wp-block-heading\" id=\"resultado-definitivo-da-prova-de-ttulos-do-concurso-crn9\">Resultado definitivo da prova de t\u00edtulos do concurso CRN9<\/h2>\n\n\n\n<p>O Conselho Regional de Nutricionistas da 9\u00aa Regi\u00e3o, que abrange o estado de Minas Gerais, <strong>publicou o resultado definitivo da prova de t\u00edtulos<\/strong>. <strong>O certame oferta vagas para todos os n\u00edveis de escolaridade<\/strong>. Al\u00e9m das vagas de car\u00e1ter imediato, tamb\u00e9m tem forma\u00e7\u00e3o de cadastro reserva.<\/p>\n\n\n\n<p>\u00c9 listado no documento, <strong>o resultado dos candidatos que se declararam com defici\u00eancia (cota PCD), autodeclarados negros (cota PPP) e ampla concorr\u00eancia<\/strong>.<\/p>\n\n\n\n<p>Para os candidatos inscritos nos cargos de <strong>n\u00edvel fundamental<\/strong>, a <strong>nota<\/strong> do concurso CRN9 <strong>ser\u00e1 igual a nota obtida na prova objetiva<\/strong>. A <strong>nota final <\/strong>dos concorrentes \u00e0s vagas de <strong>n\u00edveis m\u00e9dio e t\u00e9cnico<\/strong> ser\u00e1 igual \u00e0 soma das notas obtidas nas <strong>provas objetivas e provas discursivas<\/strong>.<\/p>\n\n\n\n<p>J\u00e1 para o <strong>n\u00edvel superior<\/strong>, a <strong>nota final<\/strong> ser\u00e1 composta pela soma das notas obtidas nas <strong>provas objetivas, provas discursivas e prova de t\u00edtulos<\/strong>.<\/p>\n\n\n\n<p><strong>Ocorrendo empate<\/strong>, a ordem de desempate obedecer\u00e1 a seguinte forma:<\/p>\n\n\n\n<h3 class=\"wp-block-heading\">N\u00edvel Fundamental<\/h3>\n\n\n\n<ul class=\"wp-block-list\"><li>Tiver idade igual ou superior a 60 anos, at\u00e9 o \u00faltimo dia de inscri\u00e7\u00e3o;<\/li><\/ul><ul class=\"wp-block-list\"><li>Tiver maior idade;<\/li><\/ul><ul class=\"wp-block-list\"><li>Tiver exercido a fun\u00e7\u00e3o de jurado (conforme art. 400 do C\u00f3digo de Processo Penal).<\/li><\/ul><h3 class=\"wp-block-heading\">N\u00edveis m\u00e9dio e t\u00e9cnico<\/h3>\n\n\n\n<ul class=\"wp-block-list\"><li>Tiver idade igual ou superior a 60 anos, at\u00e9 o \u00faltimo dia de inscri\u00e7\u00e3o;<\/li><\/ul><ul class=\"wp-block-list\"><li>Obtiver a maior nota na prova objetiva;<\/li><\/ul><ul class=\"wp-block-list\"><li>Obtiver a maior nota na prova discursiva;<\/li><\/ul><ul class=\"wp-block-list\"><li>Obtiver a maior nota em Conhecimentos Espec\u00edficos da prova objetiva;<\/li><\/ul><ul class=\"wp-block-list\"><li>Obtiver a maior nota em Conhecimentos B\u00e1sicos da prova objetiva;<\/li><\/ul><ul class=\"wp-block-list\"><li>Obtiver a maior nota em Conhecimentos Complementares da prova objetiva;<\/li><\/ul><ul class=\"wp-block-list\"><li>Tiver maior idade;<\/li><\/ul><ul class=\"wp-block-list\"><li>Tiver exercido a fun\u00e7\u00e3o de jurado (conforme art. 440 do C\u00f3digo de Processo Penal).<\/li><\/ul><h3 class=\"wp-block-heading\">N\u00edvel Superior<\/h3>\n\n\n\n<ul class=\"wp-block-list\"><li>Tiver idade igual ou superior a 60 anos, at\u00e9 o \u00faltimo dia de inscri\u00e7\u00e3o;<\/li><\/ul><ul class=\"wp-block-list\"><li>Obtiver a maior nota na prova objetiva;<\/li><\/ul><ul class=\"wp-block-list\"><li>Obtiver a maior nota na prova discursiva;<\/li><\/ul><ul class=\"wp-block-list\"><li>Obtiver a maior nota na prova de t\u00edtulos;<\/li><\/ul><ul class=\"wp-block-list\"><li>Obtiver a maior nota em Conhecimentos Espec\u00edficos da prova objetiva;<\/li><\/ul><ul class=\"wp-block-list\"><li>Obtiver a maior nota em Conhecimentos B\u00e1sicos da prova objetiva;<\/li><\/ul><ul class=\"wp-block-list\"><li>Obtiver a maior nota em Conhecimentos Complementares da prova objetiva;<\/li><\/ul><ul class=\"wp-block-list\"><li>Tiver maior idade;<\/li><\/ul><ul class=\"wp-block-list\"><li>Tiver exercido a fun\u00e7\u00e3o de jurado (conforme art. 440 do C\u00f3digo de Processo Penal).<\/li><\/ul><p><strong>Os profissionais ser\u00e3o contratados pelo regime CLT<\/strong>. Ap\u00f3s homologa\u00e7\u00e3o, o concurso ter\u00e1 validade de dois anos, podendo ser prorrogado por igual per\u00edodo.<\/p>\n\n\n\n<div class=\"wp-block-image\"><figure class=\"aligncenter is-resized\"><img decoding=\"async\" src=\"https:\/\/www.novaconcursos.com.br\/portal\/wp-content\/uploads\/2019\/08\/CRN9-2-1024x683.jpg\" alt=\"\" class=\"wp-image-88741\" width=\"798\" height=\"529\" loading=\"lazy\" title=\"\"><\/figure><\/div>\n\n\n\n<h2 class=\"wp-block-heading\" id=\"concurso-crn9-ofertou-560-vagas-em-todos-os-nveis\">Concurso CRN9 ofertou 560 vagas em todos os n\u00edveis<\/h2>\n\n\n\n<p>O concurso CRN9 ofertou <strong>560 vagas<\/strong> em todos os n\u00edveis de escolaridade. No <strong>n\u00edvel fundamental<\/strong>, foram <strong>25 vagas<\/strong> para o cargo de Auxiliar Operacional. Todas s\u00e3o para forma\u00e7\u00e3o de cadastro reserva, o sal\u00e1rio tem o valor de<strong> R$ 1.383,00<\/strong>, com jornadas de <strong>40 horas<\/strong> semanais e lota\u00e7\u00e3o em Belo Horizonte\/MG.<\/p>\n\n\n\n<p>No <strong>n\u00edvel m\u00e9dio s\u00e3o 205 vagas<\/strong>, sendo apenas <strong>1 vaga<\/strong> de car\u00e1ter imediato. As oportunidades s\u00e3o para as carreiras de Assistente Administrativo e Auxiliar Administrativo, com sal\u00e1rios de <strong>R$ 2.369,00 e R$ 1.662,00<\/strong>, respectivamente. As lota\u00e7\u00f5es dos candidatos poder\u00e3o ser em Belo Horizonte, Ipatinga, Juiz de Fora, Montes Claros, Pouso Alegre e Uberl\u00e2ndia.<\/p>\n\n\n\n<p><strong>O n\u00edvel t\u00e9cnico soma 100 vagas<\/strong>, sendo todas destinadas para forma\u00e7\u00e3o de cadastro reserva. As chances s\u00e3o para Auxiliar de Contabilidade, Assistente T\u00e9cnico em Nutri\u00e7\u00e3o e Diet\u00e9tica e Assistente de Inform\u00e1tica. Os trabalhadores ir\u00e3o atuar em Belo Horizonte e Uberl\u00e2ndia, a remunera\u00e7\u00e3o varia entre <strong>R$ 1.662,00 a R$ 2.931,00<\/strong>.<\/p>\n\n\n\n<p>J\u00e1 para o <strong>n\u00edvel superior s\u00e3o 230 vagas<\/strong>, sendo <strong>1 vaga<\/strong> de car\u00e1ter imediato e <strong>229 vagas<\/strong> para forma\u00e7\u00e3o de cadastro reserva. As vagas s\u00e3o para os cargos de Nutricionista Assistente T\u00e9cnico e Nutricionista Funcional, com remunera\u00e7\u00f5es de <strong>R$ 4.022,00 e R$ 4.732,00<\/strong>, respectivamente.<\/p>\n\n\n\n<p>Al\u00e9m do sal\u00e1rio mensal, os aprovados ir\u00e3o receber os benef\u00edcios de vale-refei\u00e7\u00e3o de <strong>R$ 675,62<\/strong>, vale-alimenta\u00e7\u00e3o de <strong>R$ 149,33<\/strong>, plano de sa\u00fade e vale-transporte.<\/p>\n\n\n\n<p>Os candidatos convocados, ainda ir\u00e3o passar por <strong>exames m\u00e9dicos<\/strong> que objetivam avaliar a capacidade para o desempenho das tarefas pertinentes ao cargo que concorrem. <strong>A avalia\u00e7\u00e3o ser\u00e1 de car\u00e1ter eliminat\u00f3rio<\/strong>.<\/p>\n\n\n\n<p>Ap\u00f3s a homologa\u00e7\u00e3o final do concurso CRN9, <strong>o certame passa a ter validade de dois anos<\/strong>, podendo ser prorrogado por igual per\u00edodo. O regime de contrata\u00e7\u00e3o ser\u00e1 o celetista. <\/p>","protected":false},"excerpt":{"rendered":"<p>Foi divulgado pelo Conselho Regional de Nutricionistas da 9\u00aa Regi\u00e3o, o resultado definitivo da prova de t\u00edtulos do concurso CRN9. \u21d2 Confira o resultado definitivo da prova de t\u00edtulos do concurso CRN9! \u21d0 Resultado definitivo da prova de t\u00edtulos do concurso CRN9 O Conselho Regional de Nutricionistas da 9\u00aa Regi\u00e3o, que abrange o estado de [&hellip;]<\/p>\n","protected":false},"author":16,"featured_media":88743,"comment_status":"closed","ping_status":"closed","sticky":false,"template":"","format":"standard","meta":{"_acf_changed":false,"footnotes":"","_wp_rev_ctl_limit":""},"categories":[228],"tags":[],"class_list":["post-96982","post","type-post","status-publish","format-standard","has-post-thumbnail","hentry","category-noticias"],"acf":[],"_links":{"self":[{"href":"https:\/\/www.novaconcursos.com.br\/portal\/wp-json\/wp\/v2\/posts\/96982","targetHints":{"allow":["GET"]}}],"collection":[{"href":"https:\/\/www.novaconcursos.com.br\/portal\/wp-json\/wp\/v2\/posts"}],"about":[{"href":"https:\/\/www.novaconcursos.com.br\/portal\/wp-json\/wp\/v2\/types\/post"}],"author":[{"embeddable":true,"href":"https:\/\/www.novaconcursos.com.br\/portal\/wp-json\/wp\/v2\/users\/16"}],"replies":[{"embeddable":true,"href":"https:\/\/www.novaconcursos.com.br\/portal\/wp-json\/wp\/v2\/comments?post=96982"}],"version-history":[{"count":2,"href":"https:\/\/www.novaconcursos.com.br\/portal\/wp-json\/wp\/v2\/posts\/96982\/revisions"}],"predecessor-version":[{"id":96985,"href":"https:\/\/www.novaconcursos.com.br\/portal\/wp-json\/wp\/v2\/posts\/96982\/revisions\/96985"}],"wp:featuredmedia":[{"embeddable":true,"href":"https:\/\/www.novaconcursos.com.br\/portal\/wp-json\/wp\/v2\/media\/88743"}],"wp:attachment":[{"href":"https:\/\/www.novaconcursos.com.br\/portal\/wp-json\/wp\/v2\/media?parent=96982"}],"wp:term":[{"taxonomy":"category","embeddable":true,"href":"https:\/\/www.novaconcursos.com.br\/portal\/wp-json\/wp\/v2\/categories?post=96982"},{"taxonomy":"post_tag","embeddable":true,"href":"https:\/\/www.novaconcursos.com.br\/portal\/wp-json\/wp\/v2\/tags?post=96982"}],"curies":[{"name":"wp","href":"https:\/\/api.w.org\/{rel}","templated":true}]}}