{"id":97682,"date":"2020-01-28T18:12:16","date_gmt":"2020-01-28T21:12:16","guid":{"rendered":"https:\/\/www.novaconcursos.com.br\/portal\/?post_type=nc-public-tender&#038;p=97682"},"modified":"2024-12-16T10:08:31","modified_gmt":"2024-12-16T13:08:31","slug":"concurso-guarda-municipal-de-uba-mg","status":"publish","type":"post","link":"https:\/\/www.novaconcursos.com.br\/portal\/concursos\/concurso-guarda-municipal-de-uba-mg\/","title":{"rendered":"Concurso Guarda Municipal de Ub\u00e1 &#8211; MG: Vagas para n\u00edvel m\u00e9dio!"},"content":{"rendered":"<p>Saiu o edital do novo<strong> concurso Guarda Municipal de Ub\u00e1<\/strong>, no estado de Minas Gerais! S\u00e3o <strong>20 vagas<\/strong> para o cargo, que conta com requisito de <strong>n\u00edvel m\u00e9dio de escolaridade<\/strong> e sal\u00e1rios de R$ 2,7 mil.<\/p>\n<p>Al\u00e9m do n\u00edvel de escolaridade, o candidato precisa atender uma s\u00e9rie de outros requisitos, como idade m\u00ednima e m\u00e1xima, altura m\u00ednima e possuir carteira de habilita\u00e7\u00e3o.<\/p>\n<h2 id=\"como-fazer-a-inscrio-no-concurso-guarda-municipal-de-ub\">Como fazer a inscri\u00e7\u00e3o no concurso Guarda Municipal de Ub\u00e1?<\/h2>\n<p>As inscri\u00e7\u00f5es estar\u00e3o dispon\u00edveis a partir das <strong>9 horas do dia 30 de mar\u00e7o at\u00e9 \u00e0s 17 horas do dia 3 de maio de 2020<\/strong>. Os interessados dever\u00e3o se inscrever por meio do site da banca organizadora, a <a href=\"http:\/\/www.gestaodeconcursos.com.br\/site\/site\/DetalheConcurso.aspx?CodigoConcurso=1351\" target=\"_blank\" rel=\"noopener noreferrer\">FUNDEP \u2013 Gest\u00e3o de Concursos<\/a>. O valor da taxa de inscri\u00e7\u00e3o \u00e9 de R$ 70,00.<\/p>\n<p>O prazo de vencimento do boleto \u00e9 o dia 4 de maio de 2020.<\/p>\n<h2 id=\"quem-pode-fazer-o-concurso-guarda-de-ub-mg\">Quem pode fazer o concurso Guarda de Ub\u00e1 MG?<\/h2>\n<p>As oportunidades s\u00e3o as seguintes:<\/p>\n<ul><li>Guarda Civil Municipal (20 vagas).<\/li>\n<\/ul><p>S\u00e3o 16 vagas direcionadas para homens, duas para mulheres e duas para PCD.<\/p>\n<p>O cargo conta com requisito de n\u00edvel m\u00e9dio de escolaridade, al\u00e9m de outros, como:<\/p>\n<ul><li>idade m\u00ednima igual ou superior a 18 (dezoito) anos completados at\u00e9 a data da posse;<\/li>\n<li>altura m\u00ednima, descal\u00e7o e descoberto e sem meias, de 1,65m para homens e 1,60m para mulheres.<\/li>\n<\/ul><p>O sal\u00e1rio tem o valor de R$ 2.600,20, em jornada de trabalho de 40 horas semanais.<\/p>\n<h2 id=\"o-que-faz-um-guarda-municipal-de-ub\">O que faz um Guarda Municipal de Ub\u00e1?<\/h2>\n<ul><li>Zelar pelos bens, equipamentos e pr\u00e9dios p\u00fablicos do Munic\u00edpio;<\/li>\n<li>Prevenir e inibir, pela presen\u00e7a e vigil\u00e2ncia, bem como coibir, infra\u00e7\u00f5es penais ou administrativas e atos infracionais que atentem contra os bens, servi\u00e7os e instala\u00e7\u00f5es municipais;<\/li>\n<li>Atuar, preventiva e permanentemente, no territ\u00f3rio do Munic\u00edpio, para a prote\u00e7\u00e3o sist\u00eamica da popula\u00e7\u00e3o que utiliza os bens, servi\u00e7os e instala\u00e7\u00f5es municipais;<\/li>\n<li>Colaborar, de forma integrada com os \u00f3rg\u00e3os de seguran\u00e7a p\u00fablica, em a\u00e7\u00f5es conjuntas que contribuam com a paz social;<\/li>\n<li>Colaborar com a pacifica\u00e7\u00e3o de conflitos que seus integrantes presenciarem, atentando para o respeito aos direitos fundamentais das pessoas;<\/li>\n<li>Exercer as compet\u00eancias de tr\u00e2nsito que lhes forem conferidas, nas vias e logradouros municipais, nos termos da Lei n\u00ba 9.503, de 23 de setembro de 1997 (C\u00f3digo de Tr\u00e2nsito Brasileiro), ou de forma concorrente, mediante conv\u00eanio celebrado com \u00f3rg\u00e3o de tr\u00e2nsito municipal;<\/li>\n<li>Proteger o patrim\u00f4nio ecol\u00f3gico, hist\u00f3rico, cultural, arquitet\u00f4nico e ambiental do Munic\u00edpio, inclusive adotando medidas educativas e preventivas;<\/li>\n<li>Cooperar com os demais \u00f3rg\u00e3os de defesa civil em suas atividades;<\/li>\n<li>Interagir com a sociedade civil para discuss\u00e3o de solu\u00e7\u00f5es de problemas e projetos locais voltados \u00e0 melhoria das condi\u00e7\u00f5es de seguran\u00e7a das comunidades;<\/li>\n<li>Estabelecer parcerias com os \u00f3rg\u00e3os estaduais e da Uni\u00e3o, ou de Munic\u00edpios vizinhos, por meio da celebra\u00e7\u00e3o de conv\u00eanios ou cons\u00f3rcios, com vistas ao desenvolvimento de a\u00e7\u00f5es preventivas integradas;<\/li>\n<li>Articular-se com os \u00f3rg\u00e3os municipais de pol\u00edticas sociais, visando \u00e0 ado\u00e7\u00e3o de a\u00e7\u00f5es interdisciplinares de seguran\u00e7a no Munic\u00edpio;<\/li>\n<li>Integrar-se com os demais \u00f3rg\u00e3os de poder de pol\u00edcia administrativa, visando a contribuir para a normatiza\u00e7\u00e3o e a fiscaliza\u00e7\u00e3o das posturas e ordenamento urbano municipal;<\/li>\n<li>Garantir o atendimento de ocorr\u00eancias emergenciais, ou prest\u00e1-lo direta e imediatamente quando deparar-se com elas;<\/li>\n<li>Encaminhar ao delegado de pol\u00edcia, diante de flagrante delito, o autor da infra\u00e7\u00e3o, preservando o local do crime, quando poss\u00edvel e sempre que necess\u00e1rio;<\/li>\n<li>Contribuir no estudo de impacto na seguran\u00e7a local, conforme plano diretor municipal, por ocasi\u00e3o da constru\u00e7\u00e3o de empreendimentos de grande porte;<\/li>\n<li>Desenvolver a\u00e7\u00f5es de preven\u00e7\u00e3o prim\u00e1ria \u00e0 viol\u00eancia, isoladamente ou em conjunto com os demais \u00f3rg\u00e3os da pr\u00f3pria municipalidade, de outros Munic\u00edpios ou das esferas estadual e federal;<\/li>\n<li>Auxiliar na seguran\u00e7a de grandes eventos e na prote\u00e7\u00e3o de autoridades e signat\u00e1rios.<\/li>\n<\/ul><h2 id=\"quais-so-os-requisitos-para-investidura-no-cargo-do-concurso\">Quais s\u00e3o os requisitos para investidura no cargo do concurso Guarda de Ub\u00e1?<\/h2>\n<ul><li>Ser brasileiro nato, naturalizado ou cidad\u00e3o portugu\u00eas em condi\u00e7\u00e3o de igualdade de direitos com os brasileiros; no caso de ser portugu\u00eas, comprovar a condi\u00e7\u00e3o de igualdade e gozo dos direitos pol\u00edticos na forma do art. 12, \u00a7 1\u00ba da Constitui\u00e7\u00e3o da Rep\u00fablica;<\/li>\n<li>Gozar dos direitos pol\u00edticos;<\/li>\n<li>estar quite com as obriga\u00e7\u00f5es eleitorais;<\/li>\n<li>estar quite com as obriga\u00e7\u00f5es do Servi\u00e7o Militar, quando se tratar de candidato do sexo masculino;<\/li>\n<li>ter 18 anos de idade completos at\u00e9 a data de posse;<\/li>\n<li>ter aptid\u00e3o f\u00edsica e mental para o exerc\u00edcio das atribui\u00e7\u00f5es do cargo, a ser aferida em per\u00edcia m\u00e9dica oficial, realizada por unidade pericial competente, nos termos da legisla\u00e7\u00e3o vigente;<\/li>\n<li>comprovar a escolaridade exigida para ingresso nos cargos;<\/li>\n<li>n\u00e3o ter sido demitido, a bem do servi\u00e7o p\u00fablico, nos \u00faltimos 5 (cinco) anos;<\/li>\n<li>n\u00e3o incorrer em ac\u00famulo de cargo, emprego ou fun\u00e7\u00e3o p\u00fablicos vedado pelo art. 37, XVI e XVII da CF\/88;<\/li>\n<li>Possuir idade m\u00ednima de 18 (dezoito) anos e altura m\u00ednima de 1,65m (um metro e sessenta e cinco cent\u00edmetros) para o sexo masculino, e de 1,60m (um metro e sessenta cent\u00edmetros) para o sexo feminino;<\/li>\n<li>N\u00e3o estar sendo processado nem ter sofrido penalidades por pr\u00e1tica de atos desabonadores para o exerc\u00edcio de suas atribui\u00e7\u00f5es;<\/li>\n<li>N\u00e3o registrar antecedentes criminais;<\/li>\n<li>Possuir idoneidade moral, comprovada por investiga\u00e7\u00e3o social e certid\u00f5es expedidas perante o Poder Judici\u00e1rio Estadual e Federal;<\/li>\n<li>Ser aprovado em todas as fases do concurso p\u00fablico, especialmente em processo de avalia\u00e7\u00e3o f\u00edsica e psicol\u00f3gica, bem como no curso de forma\u00e7\u00e3o espec\u00edfico da GCMU.<\/li>\n<\/ul><h2 id=\"provas-do-concurso-guarda-de-ub-mg\">Provas do concurso Guarda de Ub\u00e1 MG<\/h2>\n<p>Os candidatos ser\u00e3o avaliados por meio de provas objetivas, previstas para o dia 31 de mar\u00e7o de 2020, na cidade de Ub\u00e1 (MG).<\/p>\n<p>A estrutura das provas ser\u00e1 a seguinte: L\u00edngua Portuguesa (10 quest\u00f5es com peso 1,0), Racioc\u00ednio L\u00f3gico (5 quest\u00f5es com peso 1,0), Conhecimentos Espec\u00edficos (15 quest\u00f5es com peso 2,0).<\/p>\n<p>Haver\u00e1 ainda um Teste de Aptid\u00e3o F\u00edsica, Avalia\u00e7\u00e3o Psicol\u00f3gica e Curso de Forma\u00e7\u00e3o de Guarda Civil Municipal.<\/p>","protected":false},"excerpt":{"rendered":"<p>Saiu o edital do novo concurso Guarda Municipal de Ub\u00e1, no estado de Minas Gerais! S\u00e3o 20 vagas para o cargo, que conta com requisito de n\u00edvel m\u00e9dio de escolaridade e sal\u00e1rios de R$ 2,7 mil. Al\u00e9m do n\u00edvel de escolaridade, o candidato precisa atender uma s\u00e9rie de outros requisitos, como idade m\u00ednima e m\u00e1xima, altura m\u00ednima e possuir carteira de habilita\u00e7\u00e3o.<\/p>\n","protected":false},"author":16,"featured_media":0,"comment_status":"closed","ping_status":"closed","sticky":false,"template":"","format":"standard","meta":{"_acf_changed":false,"footnotes":"","_wp_rev_ctl_limit":""},"categories":[44999],"tags":[],"class_list":["post-97682","post","type-post","status-publish","format-standard","hentry","category-concursos"],"acf":[],"_links":{"self":[{"href":"https:\/\/www.novaconcursos.com.br\/portal\/wp-json\/wp\/v2\/posts\/97682","targetHints":{"allow":["GET"]}}],"collection":[{"href":"https:\/\/www.novaconcursos.com.br\/portal\/wp-json\/wp\/v2\/posts"}],"about":[{"href":"https:\/\/www.novaconcursos.com.br\/portal\/wp-json\/wp\/v2\/types\/post"}],"author":[{"embeddable":true,"href":"https:\/\/www.novaconcursos.com.br\/portal\/wp-json\/wp\/v2\/users\/16"}],"replies":[{"embeddable":true,"href":"https:\/\/www.novaconcursos.com.br\/portal\/wp-json\/wp\/v2\/comments?post=97682"}],"version-history":[{"count":2,"href":"https:\/\/www.novaconcursos.com.br\/portal\/wp-json\/wp\/v2\/posts\/97682\/revisions"}],"predecessor-version":[{"id":124381,"href":"https:\/\/www.novaconcursos.com.br\/portal\/wp-json\/wp\/v2\/posts\/97682\/revisions\/124381"}],"wp:attachment":[{"href":"https:\/\/www.novaconcursos.com.br\/portal\/wp-json\/wp\/v2\/media?parent=97682"}],"wp:term":[{"taxonomy":"category","embeddable":true,"href":"https:\/\/www.novaconcursos.com.br\/portal\/wp-json\/wp\/v2\/categories?post=97682"},{"taxonomy":"post_tag","embeddable":true,"href":"https:\/\/www.novaconcursos.com.br\/portal\/wp-json\/wp\/v2\/tags?post=97682"}],"curies":[{"name":"wp","href":"https:\/\/api.w.org\/{rel}","templated":true}]}}