{"id":98083,"date":"2020-02-10T10:13:24","date_gmt":"2020-02-10T13:13:24","guid":{"rendered":"https:\/\/www.novaconcursos.com.br\/portal\/?p=98083"},"modified":"2020-02-10T10:13:25","modified_gmt":"2020-02-10T13:13:25","slug":"concurso-pcdf-ultimas-horas-para-realizar-as-inscricoes","status":"publish","type":"post","link":"https:\/\/www.novaconcursos.com.br\/portal\/noticias\/concurso-pcdf-ultimas-horas-para-realizar-as-inscricoes\/","title":{"rendered":"Concurso PCDF: \u00daltimas horas para realizar as inscri\u00e7\u00f5es!"},"content":{"rendered":"<p>As <strong>inscri\u00e7\u00f5es<\/strong> do <a href=\"https:\/\/www.novaconcursos.com.br\" target=\"_blank\" rel=\"noreferrer noopener\" aria-label=\"concurso (abre numa nova aba)\">concurso<\/a> <strong>PCDF<\/strong> (Pol\u00edcia Civil do Distrito Federal) destinado para o cargo de <strong>Escriv\u00e3o<\/strong>, ficar\u00e3o dispon\u00edveis at\u00e9 o dia <strong>10 de fevereiro de 2020<\/strong>.<\/p>\n[mauticform id=\u201d138\u2033 chamada=\u201dPDF com Previs\u00f5es para 2020 + Cronograma de Estudos (V\u00eddeos + Arquivo Modelo) + Aulas para come\u00e7ar HOJE!\u201d titulo=\u201dBAIXE GR\u00c1TIS: KIT Aprova\u00e7\u00e3o 2020!\u201d track=\u201dform-pdf-concursos-2020\u2033]\n\n\n\n<h2 class=\"wp-block-heading\" id=\"como-fazer-a-inscrio-do-concurso-pcdf\">Como fazer a inscri\u00e7\u00e3o do concurso PCDF?<\/h2>\n\n\n\n<p>As <strong>inscri\u00e7\u00f5es<\/strong> do concurso PCDF para o cargo de <strong>Escriv\u00e3o<\/strong>, ficar\u00e3o dispon\u00edveis at\u00e9 \u00e0s <strong>18 horas do dia 10 de fevereiro de 2020<\/strong>.<\/p>\n\n\n\n<p><strong>Para se inscrever<\/strong>, o candidato dever\u00e1 acessar o site da banca organizadora, <a href=\"https:\/\/www.cebraspe.org.br\/concursos\/PC_DF_19_ESCRIVAO\" target=\"_blank\" rel=\"noreferrer noopener\" aria-label=\"Cebraspe (abre numa nova aba)\">Cebraspe<\/a>.<\/p>\n\n\n\n<p>A <strong>taxa de inscri\u00e7\u00e3o<\/strong> foi fixada no valor de <strong>R$ 199,00<\/strong>.<\/p>\n\n\n\n<p>O <strong>pagamento da taxa de inscri\u00e7\u00e3o<\/strong> dever\u00e1 ser efetuado at\u00e9 o dia <strong>12 de fevereiro de 2020<\/strong>.<\/p>\n\n\n\n<h2 class=\"wp-block-heading\" id=\"como-ser-a-prova-do-concurso-pcdf\">Como ser\u00e1 a prova do concurso PCDF?<\/h2>\n\n\n\n<p>A <strong>avalia\u00e7\u00e3o<\/strong> dos candidatos ser\u00e1 por meio de <strong>provas objetivas e provas discursivas<\/strong>, aplicadas na data prov\u00e1vel de <strong>15 de mar\u00e7o de 2020<\/strong>, na cidade de Bras\u00edlia\/DF, com dura\u00e7\u00e3o de <strong>4 horas e 30 minutos<\/strong>.<\/p>\n\n\n\n<p>Os <strong>locais e hor\u00e1rios<\/strong> da prova ser\u00e3o informados no site da banca organizadora, Cebraspe, a partir do dia <strong>06 de mar\u00e7o de 2020<\/strong>.<\/p>\n\n\n\n<p>Os candidatos ainda ser\u00e3o <strong>avaliados por outras etapas<\/strong>, sendo elas:<\/p>\n\n\n\n<ul class=\"wp-block-list\"><li>Prova Pr\u00e1tica de Digita\u00e7\u00e3o;<\/li><\/ul><ul class=\"wp-block-list\"><li>Exames Biom\u00e9tricos e Avalia\u00e7\u00e3o M\u00e9dica;<\/li><\/ul><ul class=\"wp-block-list\"><li>Prova de Capacidade F\u00edsica;<\/li><\/ul><ul class=\"wp-block-list\"><li>Avalia\u00e7\u00e3o Psicol\u00f3gica;<\/li><\/ul><ul class=\"wp-block-list\"><li>Sindic\u00e2ncia de Vida Pregressa e Investiga\u00e7\u00e3o Social;<\/li><\/ul><ul class=\"wp-block-list\"><li>Curso de Forma\u00e7\u00e3o Profissional.<\/li><\/ul><p>A <strong>prova objetiva<\/strong> ser\u00e1 composta por <strong>120 quest\u00f5es<\/strong>, sendo <strong>50 quest\u00f5es<\/strong> de Conhecimentos B\u00e1sicos e <strong>70 quest\u00f5es<\/strong> de Conhecimentos Espec\u00edficos. Vale ressaltar, que as mudan\u00e7as em compara\u00e7\u00e3o com o \u00faltimo edital divulgado: a novidade \u00e9 a exig\u00eancia da mat\u00e9ria de <strong>L\u00edngua Inglesa<\/strong>. Em compensa\u00e7\u00e3o, o que mais causou surpresa nos concurseiros foi a exclus\u00e3o da disciplina de Direito Administrativo e a m\u00ednima cobran\u00e7a sobre Legisla\u00e7\u00e3o Penal Especial.<\/p>\n\n\n\n<div class=\"wp-block-image\"><figure class=\"aligncenter is-resized\"><img decoding=\"async\" src=\"https:\/\/www.novaconcursos.com.br\/portal\/wp-content\/uploads\/2019\/09\/PCDF.jpg\" alt=\"\" class=\"wp-image-90829\" width=\"798\" height=\"529\" loading=\"lazy\" title=\"\"><\/figure><\/div>\n\n\n\n<h3 class=\"wp-block-heading\">Conhecimentos B\u00e1sicos<\/h3>\n\n\n\n<ul class=\"wp-block-list\"><li>L\u00edngua Portuguesa;<\/li><\/ul><ul class=\"wp-block-list\"><li>L\u00edngua Inglesa;<\/li><\/ul><ul class=\"wp-block-list\"><li>Conhecimentos sobre o Distrito Federal;<\/li><\/ul><ul class=\"wp-block-list\"><li>Atualidades.<\/li><\/ul><h3 class=\"wp-block-heading\">Conhecimentos Espec\u00edficos<\/h3>\n\n\n\n<ul class=\"wp-block-list\"><li>No\u00e7\u00f5es de Direito Constitucional;<\/li><\/ul><ul class=\"wp-block-list\"><li>No\u00e7\u00f5es de Direito Penal;<\/li><\/ul><ul class=\"wp-block-list\"><li>No\u00e7\u00f5es de Direito Processual Penal;<\/li><\/ul><ul class=\"wp-block-list\"><li>No\u00e7\u00f5es de Direitos Humanos;<\/li><\/ul><ul class=\"wp-block-list\"><li>Inform\u00e1tica;<\/li><\/ul><ul class=\"wp-block-list\"><li>Matem\u00e1tica e Racioc\u00ednio L\u00f3gico.<\/li><\/ul><p>A pontua\u00e7\u00e3o total da prova objetiva ser\u00e1 de <strong>120 pontos<\/strong>, sendo que o candidato ir\u00e1 analisar uma senten\u00e7a e a julgar como <strong>CERTO<\/strong>, marcando \u201cC\u201d, ou <strong>ERRADO<\/strong>, marcando \u201cE\u201d.<\/p>\n\n\n\n<p>A <strong>prova discursiva<\/strong> ser\u00e1 composta de uma reda\u00e7\u00e3o de at\u00e9 <strong>30 linhas<\/strong> com pontua\u00e7\u00e3o m\u00e1xima de <strong>30 pontos<\/strong>, sobre um tem proposto pela banca no conte\u00fado program\u00e1tico de Atualidades.<\/p>\n\n\n\n<p>Ser\u00e3o corrigidas as reda\u00e7\u00f5es at\u00e9 o classificado n\u00famero <strong>675<\/strong> em candidatos \u00e0 ampla concorr\u00eancia, <strong>45<\/strong> para candidatos \u00e0s vagas para PCD e <strong>180 <\/strong>para candidatos \u00e0s vagas para negros.<\/p>\n\n\n\n<p>A <strong>prova pr\u00e1tica<\/strong> ter\u00e1 dura\u00e7\u00e3o de <strong>10 minutos<\/strong> com pontua\u00e7\u00e3o total de <strong>10 pontos<\/strong>, consistindo da digita\u00e7\u00e3o de um texto predefinido de aproximadamente dois mil caracteres.<\/p>\n\n\n\n<p>Para esta etapa, ser\u00e3o convocados todos os <strong>aprovados na prova discursiva<\/strong>.<\/p>\n\n\n\n<p>Para a prova de <strong>Capacidade F\u00edsica<\/strong>, ser\u00e3o cobrados os seguintes exerc\u00edcios dos participantes:<\/p>\n\n\n\n<ul class=\"wp-block-list\"><li>Teste Din\u00e2mico de Barra (Sexo Masculino);<\/li><\/ul><ul class=\"wp-block-list\"><li>Teste Est\u00e1tico de Barra (Sexo Feminino);<\/li><\/ul><ul class=\"wp-block-list\"><li>Teste de Flex\u00e3o Abdominal (Ambos);<\/li><\/ul><ul class=\"wp-block-list\"><li>Teste de Meio-Sugado (Ambos);<\/li><\/ul><ul class=\"wp-block-list\"><li>Teste de Corrida 12 Minutos (Ambos).<\/li><\/ul><p style=\"text-align:center\"><a href=\"https:\/\/www.novaconcursos.com.br\/concurso\/pc-df-policia-civil-distrito-federal\/apostila?promo_name=concurso&amp;promo_id=%2Fportal%2Fconcursos%2Fconcurso-pcdf&amp;promo_creative=Apostilas&amp;promo_position=box-tipo-produto\" target=\"_blank\" rel=\"noreferrer noopener\" aria-label=\"\u00bb Prepare-se para o concurso PCDF + B\u00d4NUS (GR\u00c1TIS)\u00a0\u00ab (abre numa nova aba)\">\u00bb Prepare-se para o concurso PCDF + B\u00d4NUS (GR\u00c1TIS)\u00a0\u00ab<\/a> <\/p>","protected":false},"excerpt":{"rendered":"<p>As inscri\u00e7\u00f5es do concurso PCDF (Pol\u00edcia Civil do Distrito Federal) destinado para o cargo de Escriv\u00e3o, ficar\u00e3o dispon\u00edveis at\u00e9 o dia 10 de fevereiro de 2020. [mauticform id=\u201d138\u2033 chamada=\u201dPDF com Previs\u00f5es para 2020 + Cronograma de Estudos (V\u00eddeos + Arquivo Modelo) + Aulas para come\u00e7ar HOJE!\u201d titulo=\u201dBAIXE GR\u00c1TIS: KIT Aprova\u00e7\u00e3o 2020!\u201d track=\u201dform-pdf-concursos-2020\u2033] Como fazer a [&hellip;]<\/p>\n","protected":false},"author":16,"featured_media":93907,"comment_status":"closed","ping_status":"closed","sticky":false,"template":"","format":"standard","meta":{"_acf_changed":false,"footnotes":"","_wp_rev_ctl_limit":""},"categories":[228],"tags":[],"class_list":["post-98083","post","type-post","status-publish","format-standard","has-post-thumbnail","hentry","category-noticias"],"acf":[],"_links":{"self":[{"href":"https:\/\/www.novaconcursos.com.br\/portal\/wp-json\/wp\/v2\/posts\/98083","targetHints":{"allow":["GET"]}}],"collection":[{"href":"https:\/\/www.novaconcursos.com.br\/portal\/wp-json\/wp\/v2\/posts"}],"about":[{"href":"https:\/\/www.novaconcursos.com.br\/portal\/wp-json\/wp\/v2\/types\/post"}],"author":[{"embeddable":true,"href":"https:\/\/www.novaconcursos.com.br\/portal\/wp-json\/wp\/v2\/users\/16"}],"replies":[{"embeddable":true,"href":"https:\/\/www.novaconcursos.com.br\/portal\/wp-json\/wp\/v2\/comments?post=98083"}],"version-history":[{"count":1,"href":"https:\/\/www.novaconcursos.com.br\/portal\/wp-json\/wp\/v2\/posts\/98083\/revisions"}],"predecessor-version":[{"id":98084,"href":"https:\/\/www.novaconcursos.com.br\/portal\/wp-json\/wp\/v2\/posts\/98083\/revisions\/98084"}],"wp:featuredmedia":[{"embeddable":true,"href":"https:\/\/www.novaconcursos.com.br\/portal\/wp-json\/wp\/v2\/media\/93907"}],"wp:attachment":[{"href":"https:\/\/www.novaconcursos.com.br\/portal\/wp-json\/wp\/v2\/media?parent=98083"}],"wp:term":[{"taxonomy":"category","embeddable":true,"href":"https:\/\/www.novaconcursos.com.br\/portal\/wp-json\/wp\/v2\/categories?post=98083"},{"taxonomy":"post_tag","embeddable":true,"href":"https:\/\/www.novaconcursos.com.br\/portal\/wp-json\/wp\/v2\/tags?post=98083"}],"curies":[{"name":"wp","href":"https:\/\/api.w.org\/{rel}","templated":true}]}}