{"id":98195,"date":"2020-02-12T16:29:46","date_gmt":"2020-02-12T19:29:46","guid":{"rendered":"https:\/\/www.novaconcursos.com.br\/portal\/?p=98195"},"modified":"2025-12-11T09:30:50","modified_gmt":"2025-12-11T12:30:50","slug":"concurso-mpu-vacancia-no-orgao-chega-a-mais-de-2-mil-cargos","status":"publish","type":"post","link":"https:\/\/www.novaconcursos.com.br\/portal\/noticias\/concurso-mpu-vacancia-no-orgao-chega-a-mais-de-2-mil-cargos\/","title":{"rendered":"Concurso MPU: Vac\u00e2ncia no \u00f3rg\u00e3o chega a mais de 2 mil cargos!"},"content":{"rendered":"<p>O Minist\u00e9rio P\u00fablico da Uni\u00e3o tem <strong>2.011 cargos vago<\/strong>s, que poder\u00e3o ser <strong>preenchidos por candidatos aprovados<\/strong> atrav\u00e9s do novo <a href=\"https:\/\/www.novaconcursos.com.br\/portal\/concursos\/concurso-mpu\/\">concurso MPU.<\/a><\/p>\n\n\n\n<h2 class=\"wp-block-heading\" id=\"dficit-de-cargos-no-mpu\">D\u00e9ficit de cargos no MPU<\/h2>\n\n\n\n<p>Foi confirmado pelo Minist\u00e9rio P\u00fablico da Uni\u00e3o, que os preparativos para um novo concurso MPU em 2020, j\u00e1 foram iniciados. <strong>O primeiro para a divulga\u00e7\u00e3o do edital, \u00e9 o estudo do n\u00famero de vagas que ser\u00e3o ofertadas<\/strong>.<\/p>\n\n\n\n<p>De acordo com informa\u00e7\u00f5es do Portal da Transpar\u00eancia, <strong>\u00e9 indicado o total de 2.011 cargos vagos de T\u00e9cnico e Analista<\/strong>. Esse quantitativo leva em considera\u00e7\u00e3o os postos sem preenchimento nos quatro ramos que comp\u00f5em o MPU.<\/p>\n\n\n\n<p><strong>Isto \u00e9<\/strong>, Minist\u00e9rio P\u00fablico Federal (MPF), Minist\u00e9rio P\u00fablico do Trabalho (MPT), Minist\u00e9rio P\u00fablico Militar (MPM) e o Minist\u00e9rio P\u00fablico do Distrito Federal e Territ\u00f3rios (MPDFT). A expectativa \u00e9 que o pr\u00f3ximo certame tenha oferta para as carreiras que apresentam d\u00e9ficit.<\/p>\n\n\n\n<p>Foi informado pela Assessoria de Imprensa da Procuradoria Geral da Rep\u00fablica, <strong>que a meta \u00e9 repor as vac\u00e2ncias, principalmente de aposentadorias<\/strong>, que aumentaram ap\u00f3s a aprova\u00e7\u00e3o da Reforma da Previd\u00eancia.<\/p>\n\n\n\n<p>A princ\u00edpio, <strong>a exce\u00e7\u00e3o \u00e9 para os cargos de T\u00e9cnico de Administra\u00e7\u00e3o e Analista em Direito<\/strong>. Uma vez, que foram contemplados no certame de 2018 e ainda tem resultado final v\u00e1lido.<\/p>\n\n\n\n<p>O ramo com maior defasagem de servidores \u00e9 o <strong>Minist\u00e9rio P\u00fablico Federal<\/strong>. Ao todo, faltam <strong>1.795<\/strong> t\u00e9cnicos e analistas. Em segunda est\u00e1 o <strong>Minist\u00e9rio P\u00fablico do Trabalho<\/strong>, com <strong>133<\/strong> cargos em aberto.<\/p>\n\n\n\n<p><strong>Confira o d\u00e9ficit de pessoal em cada ramo do MPU<\/strong> e as carreiras que est\u00e3o sem o efeito esperado:<\/p>\n\n\n\n<h3 class=\"wp-block-heading\">Minist\u00e9rio P\u00fablico Federal (d\u00e9ficit\nde 1.795 cargos)<\/h3>\n\n\n\n<h4 class=\"wp-block-heading\">\u00c1reas de T\u00e9cnicos com cargos vagos<\/h4>\n\n\n\n<ul class=\"wp-block-list\"><li>T\u00e9cnico do MPU\/Administra\u00e7\u00e3o;<\/li>\n<\/ul><ul class=\"wp-block-list\"><li>T\u00e9cnico do MPU\/Seguran\u00e7a Institucional e Transporte;<\/li>\n<\/ul><ul class=\"wp-block-list\"><li>T\u00e9cnico do MPU\/Tecnologia da Informa\u00e7\u00e3o e Comunica\u00e7\u00e3o;<\/li>\n<\/ul><ul class=\"wp-block-list\"><li>T\u00e9cnico do MPU\/Edifica\u00e7\u00e3o.<\/li>\n<\/ul><h4 class=\"wp-block-heading\">\u00c1reas de Analista com cargos vagos<\/h4>\n\n\n\n<ul class=\"wp-block-list\"><li>Analista do MPU\/Biblioteconomia;<\/li>\n<\/ul><ul class=\"wp-block-list\"><li>Analista do MPU\/Desenvolvimento de Sistemas;<\/li>\n<\/ul><ul class=\"wp-block-list\"><li>Analista do MPU\/Direito;<\/li>\n<\/ul><ul class=\"wp-block-list\"><li>Analista do MPU\/Economia;<\/li>\n<\/ul><ul class=\"wp-block-list\"><li>Analista do MPU\/Finan\u00e7as e Controle;<\/li>\n<\/ul><ul class=\"wp-block-list\"><li>Analista do MPU\/Gest\u00e3o P\u00fablica;<\/li>\n<\/ul><ul class=\"wp-block-list\"><li>Analista do MPU\/Ginecologia;<\/li>\n<\/ul><ul class=\"wp-block-list\"><li>Analista do MPU\/Cl\u00ednica M\u00e9dica;<\/li>\n<\/ul><ul class=\"wp-block-list\"><li>Analista do MPU\/Contabilidade;<\/li>\n<\/ul><ul class=\"wp-block-list\"><li>Analista do MPU\/Perito em Antropologia;<\/li>\n<\/ul><ul class=\"wp-block-list\"><li>Analista do MPU\/Suporte e Infraestrutura;<\/li>\n<\/ul><ul class=\"wp-block-list\"><li>Analista do MPU\/Perito em Engenharia Civil.<\/li>\n<\/ul><h3 class=\"wp-block-heading\">Minist\u00e9rio P\u00fablico do Trabalho\n(d\u00e9ficit de 133 cargos)<\/h3>\n\n\n\n<h4 class=\"wp-block-heading\">\u00c1reas de T\u00e9cnicos com cargos vagos<\/h4>\n\n\n\n<ul class=\"wp-block-list\"><li>T\u00e9cnico do MPU\/Administra\u00e7\u00e3o;<\/li>\n<\/ul><ul class=\"wp-block-list\"><li>T\u00e9cnico do MPU\/Sa\u00fade\/Enfermagem;<\/li>\n<\/ul><ul class=\"wp-block-list\"><li>T\u00e9cnico do MPU\/Seguran\u00e7a Institucional e Transporte;<\/li>\n<\/ul><ul class=\"wp-block-list\"><li>T\u00e9cnico do MPU\/Tecnologia da Informa\u00e7\u00e3o e Comunica\u00e7\u00e3o.<\/li>\n<\/ul><div class=\"wp-block-image\">\n<figure class=\"aligncenter is-resized\"><img decoding=\"async\" width=\"1024\" height=\"570\" src=\"https:\/\/www.novaconcursos.com.br\/portal\/wp-content\/uploads\/2019\/09\/MPU-1024x570.jpg\" alt=\"\" class=\"wp-image-90303\" style=\"width:794px;height:441px\" loading=\"lazy\" title=\"\" srcset=\"https:\/\/www.novaconcursos.com.br\/portal\/wp-content\/uploads\/2019\/09\/MPU-300x167.jpg 300w, https:\/\/www.novaconcursos.com.br\/portal\/wp-content\/uploads\/2019\/09\/MPU-1024x570.jpg 1024w, https:\/\/www.novaconcursos.com.br\/portal\/wp-content\/uploads\/2019\/09\/MPU.jpg 1280w\" sizes=\"auto, (max-width: 480px) 100vw, (max-width: 768px) 100vw, (max-width: 1200px) 70vw, 768px\"><\/figure><\/div>\n\n\n<h4 class=\"wp-block-heading\">\u00c1reas de Analistas com cargos vagos<\/h4>\n\n\n\n<ul class=\"wp-block-list\"><li>Analista do MPU\/Biblioteconomia;<\/li>\n<\/ul><ul class=\"wp-block-list\"><li>Analista do MPU\/Direito;<\/li>\n<\/ul><ul class=\"wp-block-list\"><li>Analista do MPU\/Estat\u00edstica;<\/li>\n<\/ul><ul class=\"wp-block-list\"><li>Analista do MPU\/Gest\u00e3o P\u00fablica;<\/li>\n<\/ul><ul class=\"wp-block-list\"><li>Analista do MPU\/Perito em Arquitetura;<\/li>\n<\/ul><ul class=\"wp-block-list\"><li>Analista do MPU\/Perito em Contabilidade;<\/li>\n<\/ul><ul class=\"wp-block-list\"><li>Analista do MPU\/Perito em Engenharia de Seguran\u00e7a do Trabalho;<\/li>\n<\/ul><ul class=\"wp-block-list\"><li>Analista do MPU\/Perito em Engenharia El\u00e9trica;<\/li>\n<\/ul><ul class=\"wp-block-list\"><li>Analista do MPU\/Perito em Medicina;<\/li>\n<\/ul><ul class=\"wp-block-list\"><li>Analista do MPU\/Perito em Medicina do Trabalho;<\/li>\n<\/ul><ul class=\"wp-block-list\"><li>Analista do MPU\/Psicologia.<\/li>\n<\/ul><h3 class=\"wp-block-heading\">Minist\u00e9rio P\u00fablico do Distrito\nFederal e Territ\u00f3rios (d\u00e9ficit de 59 cargos)<\/h3>\n\n\n\n<h4 class=\"wp-block-heading\">\u00c1reas de T\u00e9cnicos com cargos vagos<\/h4>\n\n\n\n<ul class=\"wp-block-list\"><li>T\u00e9cnico do MPU\/Administra\u00e7\u00e3o;<\/li>\n<\/ul><ul class=\"wp-block-list\"><li>T\u00e9cnico do MPU\/Seguran\u00e7a Institucional e Transporte.<\/li>\n<\/ul><h4 class=\"wp-block-heading\">\u00c1reas de Analistas com cargos vagos<\/h4>\n\n\n\n<ul class=\"wp-block-list\"><li>Analista do MPU\/Desenvolvimento de Sistemas;<\/li>\n<\/ul><ul class=\"wp-block-list\"><li>Analista do MPU\/Psicologia;<\/li>\n<\/ul><ul class=\"wp-block-list\"><li>Analista do MPU\/Direito.<\/li>\n<\/ul><h3 class=\"wp-block-heading\">Minist\u00e9rio P\u00fablico Militar (d\u00e9ficit\nde 24 cargos)<\/h3>\n\n\n\n<h4 class=\"wp-block-heading\">\u00c1reas de T\u00e9cnicos com cargos vagos<\/h4>\n\n\n\n<ul class=\"wp-block-list\"><li>T\u00e9cnico do MPU\/Administra\u00e7\u00e3o;<\/li>\n<\/ul><ul class=\"wp-block-list\"><li>T\u00e9cnico do MPU\/Tecnologia da Informa\u00e7\u00e3o e Comunica\u00e7\u00e3o;<\/li>\n<\/ul><ul class=\"wp-block-list\"><li>T\u00e9cnico do MPU\/Sa\u00fade.<\/li>\n<\/ul><h4 class=\"wp-block-heading\">\u00c1reas de Analistas com cargos vagos<\/h4>\n\n\n\n<ul class=\"wp-block-list\"><li>Analista do MPU\/Direito;<\/li>\n<\/ul><ul class=\"wp-block-list\"><li>Analista do MPU\/Gest\u00e3o P\u00fablica;<\/li>\n<\/ul><ul class=\"wp-block-list\"><li>Analista do MPU\/Cl\u00ednica M\u00e9dica;<\/li>\n<\/ul><ul class=\"wp-block-list\"><li>Analista do MPU\/Desenvolvimento de Sistemas.<\/li>\n<\/ul><p>Os n\u00fameros foram coletados com base nas publica\u00e7\u00f5es mais recentes <strong>(dezembro de 2019) de cada ramo sobre cargos vagos<\/strong>.<\/p>\n\n\n\n<h2 class=\"wp-block-heading\" id=\"para-diretor-do-sindmpu-nenhum-cargo-pode-ser-descartado\">Para diretor do SindMPU nenhum cargo\npode ser descartado<\/h2>\n\n\n\n<p><em>\u201cNenhum dos cargos que existe hoje na estrutura do Minist\u00e9rio P\u00fablico da Uni\u00e3o pode ser descartado do concurso MPU 2020\u201d<\/em>. A fala \u00e9 do diretor executivo do Sindicato Nacional dos Servidores do MPU (SindMPU), Adriel Gael.<\/p>\n\n\n\n<p>Por ter concurso v\u00e1lido para T\u00e9cnico de Administra\u00e7\u00e3o e Analista em Direito, a expectativa \u00e9 que o \u00f3rg\u00e3o n\u00e3o contemple essas carreiras no novo edital. Entretanto, <strong>o diretor executivo do sindicato informa uma possibilidade para que esses cargos tamb\u00e9m sejam ofertados<\/strong>. As nomea\u00e7\u00f5es devem ser feitas ap\u00f3s o t\u00e9rmino da validade do certame de 2018.<\/p>\n\n\n\n<p><em>\u201cNada impede que a administra\u00e7\u00e3o oferte aqueles mesmos cargos. A gente sabe que tem um concurso v\u00e1lido, de dois anos. Se ele for prorrogado por mais dois anos, a administra\u00e7\u00e3o ofertando novamente esses cargos, s\u00f3 poderia nomear os servidores desse novo concurso ap\u00f3s finalizado o prazo de validade do outro\u201d<\/em>, informou Adriel Gael.<\/p>\n\n\n\n<p>O Minist\u00e9rio P\u00fablico da Uni\u00e3o divulgou, h\u00e1 quase dois anos, o edital do \u00faltimo concurso para efetivos do MPU. A oferta foi de <strong>47 vagas para T\u00e9cnico de Administra\u00e7\u00e3o e Analista em Direito<\/strong>.<\/p>\n\n\n\n<p class=\"has-text-align-center\"><a href=\"https:\/\/www.novaconcursos.com.br\/concurso\/mpu-ministerio-publico-da-uniao\/apostila?promo_name=concurso&amp;promo_id=%2Fportal%2Fconcursos%2Fconcurso-mpu&amp;promo_creative=Apostilas&amp;promo_position=box-tipo-produto\" target=\"_blank\" rel=\"noreferrer noopener\" aria-label=\"\u00bb Prepare-se para o concurso MPU + B\u00d4NUS (GR\u00c1TIS)\u00a0\u00ab (abre numa nova aba)\">\u00bb Prepare-se para o concurso MPU + B\u00d4NUS (GR\u00c1TIS)\u00a0\u00ab<\/a> <\/p>","protected":false},"excerpt":{"rendered":"<p>O Minist\u00e9rio P\u00fablico da Uni\u00e3o tem 2.011 cargos vagos, que poder\u00e3o ser preenchidos por candidatos aprovados atrav\u00e9s do novo concurso MPU. D\u00e9ficit de cargos no MPU Foi confirmado pelo Minist\u00e9rio P\u00fablico da Uni\u00e3o, que os preparativos para um novo concurso MPU em 2020, j\u00e1 foram iniciados. O primeiro para a divulga\u00e7\u00e3o do edital, \u00e9 o [&hellip;]<\/p>\n","protected":false},"author":16,"featured_media":90302,"comment_status":"closed","ping_status":"closed","sticky":false,"template":"","format":"standard","meta":{"_acf_changed":false,"footnotes":"","_wp_rev_ctl_limit":""},"categories":[228],"tags":[],"class_list":["post-98195","post","type-post","status-publish","format-standard","has-post-thumbnail","hentry","category-noticias"],"acf":[],"_links":{"self":[{"href":"https:\/\/www.novaconcursos.com.br\/portal\/wp-json\/wp\/v2\/posts\/98195","targetHints":{"allow":["GET"]}}],"collection":[{"href":"https:\/\/www.novaconcursos.com.br\/portal\/wp-json\/wp\/v2\/posts"}],"about":[{"href":"https:\/\/www.novaconcursos.com.br\/portal\/wp-json\/wp\/v2\/types\/post"}],"author":[{"embeddable":true,"href":"https:\/\/www.novaconcursos.com.br\/portal\/wp-json\/wp\/v2\/users\/16"}],"replies":[{"embeddable":true,"href":"https:\/\/www.novaconcursos.com.br\/portal\/wp-json\/wp\/v2\/comments?post=98195"}],"version-history":[{"count":2,"href":"https:\/\/www.novaconcursos.com.br\/portal\/wp-json\/wp\/v2\/posts\/98195\/revisions"}],"predecessor-version":[{"id":300125,"href":"https:\/\/www.novaconcursos.com.br\/portal\/wp-json\/wp\/v2\/posts\/98195\/revisions\/300125"}],"wp:featuredmedia":[{"embeddable":true,"href":"https:\/\/www.novaconcursos.com.br\/portal\/wp-json\/wp\/v2\/media\/90302"}],"wp:attachment":[{"href":"https:\/\/www.novaconcursos.com.br\/portal\/wp-json\/wp\/v2\/media?parent=98195"}],"wp:term":[{"taxonomy":"category","embeddable":true,"href":"https:\/\/www.novaconcursos.com.br\/portal\/wp-json\/wp\/v2\/categories?post=98195"},{"taxonomy":"post_tag","embeddable":true,"href":"https:\/\/www.novaconcursos.com.br\/portal\/wp-json\/wp\/v2\/tags?post=98195"}],"curies":[{"name":"wp","href":"https:\/\/api.w.org\/{rel}","templated":true}]}}