{"id":98289,"date":"2021-01-18T08:00:19","date_gmt":"2021-01-18T11:00:19","guid":{"rendered":"https:\/\/www.novaconcursos.com.br\/portal\/?post_type=nc-public-tender&#038;p=98289"},"modified":"2024-12-16T10:02:19","modified_gmt":"2024-12-16T13:02:19","slug":"concurso-camara-de-aracaju-se","status":"publish","type":"post","link":"https:\/\/www.novaconcursos.com.br\/portal\/concursos\/concurso-camara-de-aracaju-se\/","title":{"rendered":"Concurso C\u00e2mara de Aracaju &#8211; SE: SAIU EDITAL com mais de 50 vagas!"},"content":{"rendered":"<p>Saiu o edital do novo <strong>concurso C\u00e2mara de Aracaju<\/strong>, no estado de Minas Gerais! S\u00e3o <strong>52 vagas<\/strong> destinadas para cargos de <strong>n\u00edveis m\u00e9dio, t\u00e9cnico e superior<\/strong> de escolaridade, com sal\u00e1rios chegando a <strong>R$ 2,3 mil<\/strong>.<\/p>\n<p>A oferta de vagas \u00e9 para os cargos de Assistente Administrativo, Assistente Legislativo, T\u00e9cnico em Enfermagem, Contador, Enfermeiro, Jornalista, Analista Administrativo, Analista Legislativo.<\/p>\n<h2 id=\"situao-atual-do-concurso-cmara-de-aracaju-se\">Situa\u00e7\u00e3o atual do concurso C\u00e2mara de Aracaju \u2013 SE<\/h2>\n<p>Na capital de Sergipe, a<strong>\u00a0<a href=\"https:\/\/www.novaconcursos.com.br\/?promo_creative=sele%C3%A7%C3%A3o&amp;promo_name=noticia&amp;promo_id=%2Fportal%2Fnoticias%2Fconcurso-camara-de-aracaju-se-taxa-de-inscricao&amp;promo_position=corpo-texto\">sele\u00e7\u00e3o<\/a>\u00a0C\u00e2mara de Aracaju<\/strong>\u00a0segue com as\u00a0<strong>provas objetivas suspensas desde outubro.<\/strong><\/p>\n<p>Sendo assim, foi divulgado no \u00faltimo dia 8 , o\u00a0<strong>prazo para pedido de reembolso das taxas de inscri\u00e7\u00e3o.<\/strong>\u00a0A informa\u00e7\u00e3o foi publicada no site da\u00a0<strong>Funda\u00e7\u00e3o Get\u00falio Vargas, a banca organizadora.\u00a0<\/strong><\/p>\n<p>Com isso, todos os candidatos com\u00a0<strong>inscri\u00e7\u00f5es homologadas<\/strong>\u00a0poder\u00e3o solicitar a devolu\u00e7\u00e3o da taxa at\u00e9 o dia\u00a0<strong>22 de janeiro.\u00a0<\/strong><\/p>\n<p>Para isso, \u00e9 obrigat\u00f3rio informar corretamente todos os dados pessoais do titular da conta banc\u00e1ria, al\u00e9m de indicar os dados banc\u00e1rios v\u00e1lidos para ressarcimento.<\/p>\n<p>A devolu\u00e7\u00e3o dos valores (<strong>R$ 54<\/strong>\u00a0para n\u00edveis m\u00e9dio\/t\u00e9cnico e\u00a0<strong>R$ 55<\/strong>\u00a0para n\u00edvel superior) ser\u00e1 realizada<strong>\u00a0em at\u00e9 20 dias \u00fateis,<\/strong>\u00a0a contar do t\u00e9rmino do prazo para requerimento de devolu\u00e7\u00e3o indicado.<\/p>\n<h2 id=\"mudanas-no-calendrio-de-aplicao-da-prova\">Mudan\u00e7as no calend\u00e1rio de aplica\u00e7\u00e3o da prova<\/h2>\n<p>Todos os candidatos da<strong>\u00a0<a href=\"https:\/\/www.novaconcursos.com.br\/?promo_creative=sele%C3%A7%C3%A3o&amp;promo_name=noticia&amp;promo_id=%2Fportal%2Fnoticias%2Fconcurso-camara-de-aracaju-se-taxa-de-inscricao&amp;promo_position=corpo-texto\">sele\u00e7\u00e3o<\/a>\u00a0C\u00e2mara de Aracaju SE<\/strong>\u00a0seriam avaliados por provas objetivas, de car\u00e1ter eliminat\u00f3rio e classificat\u00f3rio. Quando o\u00a0<a href=\"https:\/\/www.novaconcursos.com.br\/?promo_creative=edital&amp;promo_name=noticia&amp;promo_id=%2Fportal%2Fnoticias%2Fconcurso-camara-de-aracaju-se-taxa-de-inscricao&amp;promo_position=corpo-texto\">edital<\/a>\u00a0foi lan\u00e7ado, as provas estavam previstas para o dia\u00a0<strong>17 de maio,<\/strong>\u00a0na pr\u00f3pria capital.<\/p>\n<p>Entretanto, em mar\u00e7o, os exames foram suspensos. Meses depois, em agosto, foram remarcados para o dia 22 de novembro. Por\u00e9m, no final de outubro houve um novo adiamento. Desta vez, sem uma data definida para aplica\u00e7\u00e3o.<\/p>\n<h2 id=\"-inscrio-no-concurso-cmara-de-aracaju-se\">\u00a0Inscri\u00e7\u00e3o no concurso C\u00e2mara de Aracaju SE?<\/h2>\n<p>As inscri\u00e7\u00f5es ficaram dispon\u00edveis a partir das <strong>14 horas do dia 17 de fevereiro at\u00e9 \u00e0s 16 horas do dia 16 de mar\u00e7o de 2020<\/strong>. Os interessados tiveram que se inscrever por meio do site da banca organizadora, a <a href=\"https:\/\/fgvprojetos.fgv.br\/concursos\/cma20\" target=\"_blank\" rel=\"noopener noreferrer\">FGV \u2013 Funda\u00e7\u00e3o Get\u00falio Vargas<\/a>.<\/p>\n<p>A taxa de inscri\u00e7\u00e3o tem os seguintes valores:<\/p>\n<ul><li><strong>N\u00edvel M\u00e9dio<\/strong>: R$ 70,00<\/li>\n<li><strong>N\u00edvel Superior<\/strong>: R$ 80,00.<\/li>\n<\/ul><h2 id=\"vagas-concurso-cmara-de-aracaju-se\">Vagas concurso C\u00e2mara de Aracaju SE<\/h2>\n<p>As oportunidades s\u00e3o as seguintes:<\/p>\n<p><strong>N\u00edvel M\u00e9dio<\/strong><\/p>\n<ul><li>Assistente Administrativo (15);<\/li>\n<li>Assistente Legislativo (10);<\/li>\n<li>Int\u00e9rprete e Tradutor de Libras (2);<\/li>\n<li>T\u00e9cnico de Tecnologia da Informa\u00e7\u00e3o (1);<\/li>\n<li>T\u00e9cnico em Enfermagem (1);<\/li>\n<li>T\u00e9cnico em Seguran\u00e7a do Trabalho (1);<\/li>\n<li>T\u00e9cnico em Taquigrafia (4).<\/li>\n<\/ul><p><strong>N\u00edvel Superior<\/strong><\/p>\n<ul><li>Analista Administrativo (5);<\/li>\n<li>Analista Legislativo (3);<\/li>\n<li>Contador (1);<\/li>\n<li>Enfermeiro (1);<\/li>\n<li>Jornalista (3);<\/li>\n<li>M\u00e9dico (1);<\/li>\n<li>Procurador Judicial (2);<\/li>\n<li>Redator (1);<\/li>\n<li>Rela\u00e7\u00f5es P\u00fablicas (1).<\/li>\n<\/ul><p>Os sal\u00e1rios variam de <strong>R$ 1.600,00 a R$ 2.300,00<\/strong>, em jornadas de trabalho de 30 horas semanais.<\/p>\n<h2 id=\"quais-so-os-requisitos-para-investidura-no-cargo-do-concurso\">Quais s\u00e3o os requisitos para investidura no cargo do concurso Aracaju SE?<\/h2>\n<ul><li>Ter sido classificado no Concurso P\u00fablico na forma estabelecida neste Edital, em seus anexos e eventuais retifica\u00e7\u00f5es;<\/li>\n<li>Ter nacionalidade brasileira; no caso de nacionalidade portuguesa, estar amparado pelo estatuto de igualdade entre brasileiros e portugueses, com reconhecimento do gozo dos direitos pol\u00edticos, nos termos do \u00a71\u00ba do Art. 12 da Constitui\u00e7\u00e3o da Rep\u00fablica Federativa do Brasil e na forma do disposto no Art. 13 do Decreto n\u00ba 70.436, de 18 de abril de 1972, al\u00e9m de outros naturalizados;<\/li>\n<li>Ter idade m\u00ednima de 18 anos completos;<\/li>\n<li>Estar em pleno gozo dos direitos pol\u00edticos;<\/li>\n<li>Estar quite com as obriga\u00e7\u00f5es eleitorais e, se do sexo masculino, tamb\u00e9m com as militares;<\/li>\n<li>Firmar declara\u00e7\u00e3o de n\u00e3o estar cumprindo e nem ter sofrido, no exerc\u00edcio da fun\u00e7\u00e3o p\u00fablica, penalidade por pr\u00e1tica de improbidade administrativa, aplicada por qualquer \u00f3rg\u00e3o p\u00fablico ou entidade da esfera federal, estadual ou municipal;<\/li>\n<li>Apresentar declara\u00e7\u00e3o quanto ao exerc\u00edcio de outro(s) cargo(s), emprego(s) ou fun\u00e7\u00e3o(\u00f5es) p\u00fablica(s) e sobre recebimento de proventos decorrente de aposentadoria e pens\u00e3o;<\/li>\n<li>Apresentar declara\u00e7\u00e3o de bens e valores que constituam patrim\u00f4nio;<\/li>\n<li>Firmar declara\u00e7\u00e3o de n\u00e3o estar cumprindo san\u00e7\u00e3o por inidoneidade, aplicada por qualquer \u00f3rg\u00e3o p\u00fablico ou entidade da esfera federal, estadual ou municipal;<\/li>\n<li>Firmar termo de compromisso de sigilo e confidencialidade das informa\u00e7\u00f5es;<\/li>\n<li>Ser considerado apto no exame admissional a ser realizado pela C\u00e2mara Municipal de Aracaju, mediante apresenta\u00e7\u00e3o dos laudos, exames e declara\u00e7\u00e3o de sa\u00fade que forem por ele exigidos;<\/li>\n<li>Apresentar diploma, devidamente registrado, de conclus\u00e3o de curso de N\u00edvel Superior\/ M\u00e9dio\/ M\u00e9dio T\u00e9cnico, fornecido por institui\u00e7\u00e3o de ensino, reconhecida pelo Minist\u00e9rio da Educa\u00e7\u00e3o, comprovada por meio de apresenta\u00e7\u00e3o de original e c\u00f3pia do respectivo documento, para o cargo pretendido;<\/li>\n<li>N\u00e3o ter sido condenado a pena privativa de liberdade transitada em julgado ou qualquer outra condena\u00e7\u00e3o incompat\u00edvel com a fun\u00e7\u00e3o p\u00fablica;<\/li>\n<li>Estar registrado e com a situa\u00e7\u00e3o regularizada junto ao \u00f3rg\u00e3o de conselho de classe correspondente \u00e0 sua forma\u00e7\u00e3o profissional, quando for o caso;<\/li>\n<li>Estar apto f\u00edsica e mentalmente para o exerc\u00edcio do cargo, n\u00e3o sendo, inclusive, pessoa com defici\u00eancia incompat\u00edvel com as atribui\u00e7\u00f5es deste, fato apurado pela C\u00e2mara Municipal de Aracaju;<\/li>\n<li>N\u00e3o registrar antecedentes criminais;<\/li>\n<li>Cumprir as determina\u00e7\u00f5es deste Edital.<\/li>\n<\/ul><h2 id=\"como-ser-a-prova-do-concurso-cmara-de-aracaju\">Como ser\u00e1 a prova do concurso C\u00e2mara de Aracaju?<\/h2>\n<p>Os candidatos ser\u00e3o avaliados por meio de <strong>provas objetivas<\/strong>,\u00a0 que at\u00e9 ent\u00e3o est\u00e1 sem data prevista. O exame ser\u00e1 aplicado na cidade de Aracaju (SE).<\/p>\n<p>Haver\u00e1 ainda uma prova pr\u00e1tica para o cargo de T\u00e9cnico em Taquigrafia e prova de t\u00edtulos para os cargos de n\u00edvel superior.<\/p>\n<p>A estrutura das provas ser\u00e1 a seguinte:<\/p>\n<ul><li><strong>N\u00edvel M\u00e9dio<\/strong>: L\u00edngua Portuguesa (20 quest\u00f5es), Racioc\u00ednio L\u00f3gico (10 quest\u00f5es), Conhecimentos Espec\u00edficos (30 quest\u00f5es);<\/li>\n<li><strong>N\u00edvel Superior<\/strong>: L\u00edngua Portuguesa (24 quest\u00f5es), Legisla\u00e7\u00e3o Espec\u00edfica (10 quest\u00f5es), Conhecimentos Espec\u00edficos (36 quest\u00f5es);<\/li>\n<li><strong>Procurador<\/strong>: L\u00edngua Portuguesa (30 quest\u00f5es), Legisla\u00e7\u00e3o Espec\u00edfica (10 quest\u00f5es), Conhecimentos Espec\u00edficos (40 quest\u00f5es).<\/li>\n<\/ul><p>O <strong>conte\u00fado program\u00e1tico<\/strong> abrange as seguintes disciplinas:<\/p>\n<p><strong>N\u00edvel M\u00e9dio<\/strong><\/p>\n<ul><li><strong>L\u00edngua Portuguesa<\/strong>: Elementos de constru\u00e7\u00e3o do texto e seu sentido: g\u00eanero do texto (liter\u00e1rio e n\u00e3o liter\u00e1rio, narrativo, descritivo e argumentativo); interpreta\u00e7\u00e3o e organiza\u00e7\u00e3o interna. Sem\u00e2ntica: sentido e emprego dos voc\u00e1bulos; campos sem\u00e2nticos; emprego de tempos e modos dos verbos em portugu\u00eas. Morfologia: reconhecimento, emprego e sentido das classes gramaticais; processos de forma\u00e7\u00e3o de palavras; mecanismos de flex\u00e3o dos nomes e verbos. Sintaxe: frase, ora\u00e7\u00e3o e per\u00edodo; termos da ora\u00e7\u00e3o; processos de coordena\u00e7\u00e3o e subordina\u00e7\u00e3o; concord\u00e2ncia nominal e verbal; transitividade e reg\u00eancia de nomes e verbos; padr\u00f5es gerais de coloca\u00e7\u00e3o pronominal no portugu\u00eas; mecanismos de coes\u00e3o textual. Ortografia. Acentua\u00e7\u00e3o gr\u00e1fica. Emprego do sinal indicativo de crase. Pontua\u00e7\u00e3o. Reescrita de frases: substitui\u00e7\u00e3o, deslocamento, paralelismo; varia\u00e7\u00e3o lingu\u00edstica: norma culta. Observa\u00e7\u00e3o: os itens deste programa ser\u00e3o considerados sob o ponto de vista textual, ou seja, dever\u00e3o ser estudados sob o foco de sua participa\u00e7\u00e3o na estrutura\u00e7\u00e3o significativa dos textos.<\/li>\n<li><strong>Racioc\u00ednio L\u00f3gico Matem\u00e1tico<\/strong>: Proposi\u00e7\u00f5es, valor-verdade, nega\u00e7\u00e3o, conjun\u00e7\u00e3o, disjun\u00e7\u00e3o, implica\u00e7\u00e3o, equival\u00eancia, proposi\u00e7\u00f5es compostas. Equival\u00eancias l\u00f3gicas. Problemas de racioc\u00ednio: deduzir informa\u00e7\u00f5es de rela\u00e7\u00f5es arbitr\u00e1rias entre objetos, lugares, pessoas e\/ou eventos fict\u00edcios dados. Diagramas l\u00f3gicos, tabelas e gr\u00e1ficos. Conjuntos e suas opera\u00e7\u00f5es. N\u00fameros naturais, inteiros, racionais, reais e suas opera\u00e7\u00f5es. Representa\u00e7\u00e3o na reta. Unidades de medida: dist\u00e2ncia, massa e tempo. Representa\u00e7\u00e3o de pontos no plano cartesiano. \u00c1lgebra b\u00e1sica: equa\u00e7\u00f5es, sistemas e problemas do primeiro grau. Porcentagem e proporcionalidade direta e inversa. Sequ\u00eancias, reconhecimento de padr\u00f5es, progress\u00f5es aritm\u00e9tica e geom\u00e9trica. Juros. Geometria b\u00e1sica: dist\u00e2ncias e \u00e2ngulos, pol\u00edgonos, circunfer\u00eancia, per\u00edmetro e \u00e1rea. Semelhan\u00e7a e rela\u00e7\u00f5es m\u00e9tricas no tri\u00e2ngulo ret\u00e2ngulo. Medidas de comprimento, \u00e1rea, volume. Princ\u00edpios de contagem e no\u00e7\u00e3o de probabilidade.<\/li>\n<\/ul><p><strong>N\u00edvel Superior<\/strong><\/p>\n<ul><li><strong>L\u00edngua Portuguesa<\/strong>: Elementos de constru\u00e7\u00e3o do texto e seu sentido: g\u00eanero do texto (liter\u00e1rio e n\u00e3o liter\u00e1rio, narrativo, descritivo e argumentativo); interpreta\u00e7\u00e3o e organiza\u00e7\u00e3o interna. Sem\u00e2ntica: sentido e emprego dos voc\u00e1bulos; campos sem\u00e2nticos; emprego de tempos e modos dos verbos em portugu\u00eas. Morfologia: reconhecimento, emprego e sentido das classes gramaticais; processos de forma\u00e7\u00e3o de palavras; mecanismos de flex\u00e3o dos nomes e verbos. Sintaxe: frase, ora\u00e7\u00e3o e per\u00edodo; termos da ora\u00e7\u00e3o; processos de coordena\u00e7\u00e3o e subordina\u00e7\u00e3o; concord\u00e2ncia nominal e verbal; transitividade e reg\u00eancia de nomes e verbos; padr\u00f5es gerais de coloca\u00e7\u00e3o pronominal no portugu\u00eas; mecanismos de coes\u00e3o textual. Ortografia. Acentua\u00e7\u00e3o gr\u00e1fica. Emprego do sinal indicativo de crase. Pontua\u00e7\u00e3o. Reescrita de frases: substitui\u00e7\u00e3o, deslocamento, paralelismo; varia\u00e7\u00e3o lingu\u00edstica: norma culta. Observa\u00e7\u00e3o: os itens deste programa ser\u00e3o considerados sob o ponto de vista textual, ou seja, dever\u00e3o ser estudados sob o foco de sua participa\u00e7\u00e3o na estrutura\u00e7\u00e3o significativa dos textos.<\/li>\n<li><strong>Legisla\u00e7\u00e3o Espec\u00edfica<\/strong>: Lei Org\u00e2nica do Munic\u00edpio de Aracaju\/SE. Estatuto dos Servidores P\u00fablicos de Aracaju\/SE, Lei Complementar 153\/2016.<\/li>\n<\/ul>","protected":false},"excerpt":{"rendered":"<p>Saiu o edital do novo concurso C\u00e2mara de Aracaju, no estado de Sergipe! S\u00e3o 52 vagas destinadas para cargos de n\u00edveis m\u00e9dio, t\u00e9cnico e superior de escolaridade, com sal\u00e1rios chegando a R$ 2,3 mil.<\/p>\n","protected":false},"author":16,"featured_media":0,"comment_status":"closed","ping_status":"closed","sticky":false,"template":"","format":"standard","meta":{"_acf_changed":false,"footnotes":"","_wp_rev_ctl_limit":""},"categories":[44999],"tags":[],"class_list":["post-98289","post","type-post","status-publish","format-standard","hentry","category-concursos"],"acf":[],"_links":{"self":[{"href":"https:\/\/www.novaconcursos.com.br\/portal\/wp-json\/wp\/v2\/posts\/98289","targetHints":{"allow":["GET"]}}],"collection":[{"href":"https:\/\/www.novaconcursos.com.br\/portal\/wp-json\/wp\/v2\/posts"}],"about":[{"href":"https:\/\/www.novaconcursos.com.br\/portal\/wp-json\/wp\/v2\/types\/post"}],"author":[{"embeddable":true,"href":"https:\/\/www.novaconcursos.com.br\/portal\/wp-json\/wp\/v2\/users\/16"}],"replies":[{"embeddable":true,"href":"https:\/\/www.novaconcursos.com.br\/portal\/wp-json\/wp\/v2\/comments?post=98289"}],"version-history":[{"count":1,"href":"https:\/\/www.novaconcursos.com.br\/portal\/wp-json\/wp\/v2\/posts\/98289\/revisions"}],"predecessor-version":[{"id":112334,"href":"https:\/\/www.novaconcursos.com.br\/portal\/wp-json\/wp\/v2\/posts\/98289\/revisions\/112334"}],"wp:attachment":[{"href":"https:\/\/www.novaconcursos.com.br\/portal\/wp-json\/wp\/v2\/media?parent=98289"}],"wp:term":[{"taxonomy":"category","embeddable":true,"href":"https:\/\/www.novaconcursos.com.br\/portal\/wp-json\/wp\/v2\/categories?post=98289"},{"taxonomy":"post_tag","embeddable":true,"href":"https:\/\/www.novaconcursos.com.br\/portal\/wp-json\/wp\/v2\/tags?post=98289"}],"curies":[{"name":"wp","href":"https:\/\/api.w.org\/{rel}","templated":true}]}}