{"id":98364,"date":"2020-02-17T10:25:41","date_gmt":"2020-02-17T13:25:41","guid":{"rendered":"https:\/\/www.novaconcursos.com.br\/portal\/?p=98364"},"modified":"2026-01-08T09:31:25","modified_gmt":"2026-01-08T12:31:25","slug":"concurso-pm-pr-apos-resolver-tramites-burocraticos-edital-sera-publicado","status":"publish","type":"post","link":"https:\/\/www.novaconcursos.com.br\/portal\/noticias\/concurso-pm-pr-apos-resolver-tramites-burocraticos-edital-sera-publicado\/","title":{"rendered":"Concurso PM PR: Ap\u00f3s resolver tr\u00e2mites burocr\u00e1ticos, edital ser\u00e1 publicado!"},"content":{"rendered":"<p>Previsto para ser divulgado at\u00e9 o dia 16 de fevereiro, o <strong>edital<\/strong> do <a href=\"https:\/\/www.novaconcursos.com.br\/portal\/concursos\/concurso-pm-pr\/\">concurso <strong>PM PR<\/strong><\/a> (Pol\u00edcia Militar do Paran\u00e1) <strong>passa pelos \u00faltimos tr\u00e2mites burocr\u00e1ticos para ser publicado<\/strong>.<\/p>\n\n\n\n<h2 class=\"wp-block-heading\" id=\"trmites-para-publicar-o-edital-do-concurso-pm-pr\">Tr\u00e2mites para publicar o edital do concurso PM PR<\/h2>\n\n\n\n<p>O edital do concurso PM PR estava previsto para ser divulgado at\u00e9 o dia 16 de fevereiro, o que n\u00e3o acabou acontecendo. A informa\u00e7\u00e3o \u00e9 do deputado estadual do Paran\u00e1, Mauro Moraes, que havia anunciado a data no dia 10 de fevereiro. De acordo com Moraes, <strong>tr\u00e2mites burocr\u00e1ticos atrasaram a publica\u00e7\u00e3o<\/strong>.<\/p>\n\n\n\n<p><em>\u201cAos mais c\u00e9ticos, antes que me critiquem pela imprecis\u00e3o da data, pe\u00e7o que aguardem at\u00e9 segunda-feira, 17, quando todos os tr\u00e2mites burocr\u00e1ticos estar\u00e3o resolvidos para a publica\u00e7\u00e3o do edital do concurso da PM PR\u201d<\/em>, informou o deputado.<\/p>\n\n\n\n<p>Dessa maneira, <strong>\u00e9 poss\u00edvel que o edital seja divulgado ainda neste m\u00eas de fevereiro<\/strong>. Em coletiva realizada no dia 14 de fevereiro, o governador do Paran\u00e1, Ratinho J\u00fanior, voltou a falar sobre o certame da Pol\u00edcia Militar do Paran\u00e1. Segundo o governador, <strong>assim como a sele\u00e7\u00e3o da Pol\u00edcia Civil do Paran\u00e1, os editais ser\u00e3o divulgados em breve<\/strong>.<\/p>\n\n\n\n<p><em>\u201cNos pr\u00f3ximos dias publicaremos os editais\u201d<\/em>, salientou o governador do Paran\u00e1.<\/p>\n\n\n<div class=\"wp-block-image\">\n<figure class=\"aligncenter is-resized\"><img decoding=\"async\" width=\"1024\" height=\"576\" src=\"https:\/\/www.novaconcursos.com.br\/portal\/wp-content\/uploads\/2019\/08\/PM-PR-1-1024x576.jpg\" alt=\"\" class=\"wp-image-88697\" style=\"width:797px;height:448px\" loading=\"lazy\" title=\"\" srcset=\"https:\/\/www.novaconcursos.com.br\/portal\/wp-content\/uploads\/2019\/08\/PM-PR-1-300x169.jpg 300w, https:\/\/www.novaconcursos.com.br\/portal\/wp-content\/uploads\/2019\/08\/PM-PR-1-1024x576.jpg 1024w, https:\/\/www.novaconcursos.com.br\/portal\/wp-content\/uploads\/2019\/08\/PM-PR-1.jpg 1200w\" sizes=\"auto, (max-width: 480px) 100vw, (max-width: 768px) 100vw, (max-width: 1200px) 70vw, 768px\"><\/figure><\/div>\n\n\n<p><strong>A banca organizadora j\u00e1 est\u00e1 escolhida, sendo a Funpar<\/strong> (Funda\u00e7\u00e3o de Apoio da Universidade Federal do Paran\u00e1). Vale ressaltar, que no dia 26 de janeiro, a Pol\u00edcia Militar afirmou que o edital estava sendo elaborado.<\/p>\n\n\n\n<p>Ao todo, o concurso PM PR ir\u00e1 contar com <strong>2.400 vagas<\/strong> para o cargo de Soldado. Deste total, <strong>2.000 vagas<\/strong> ser\u00e3o para a Pol\u00edcia Militar e <strong>400 vagas<\/strong> para o Corpo de Bombeiros. Para concorrer a uma vaga, ser\u00e1 necess\u00e1rio o interessado ter o<strong> n\u00edvel m\u00e9dio<\/strong> completo e, no m\u00e1ximo, <strong>30 anos de idade<\/strong>.<\/p>\n\n\n\n<h2 class=\"wp-block-heading\" id=\"concurso-pc-pr-e-depen-pr-esto-autorizados\">Concurso PC PR e DEPEN PR est\u00e3o autorizados<\/h2>\n\n\n\n<p>Al\u00e9m da Pol\u00edcia Militar e dos Bombeiros PR, no m\u00eas de setembro de 2019, o governador Carlos Massa Ratinho J\u00fanior, tamb\u00e9m anunciou a contrata\u00e7\u00e3o, por meio de <strong>concurso p\u00fablico, para a Pol\u00edcia Civil e o Departamento Penitenci\u00e1rio do Paran\u00e1 (DEPEN PR)<\/strong>.<\/p>\n\n\n\n<p>A <strong>PC PR<\/strong> recebeu o aval para ofertar <strong>400 vagas<\/strong>, sendo <strong>300 vagas<\/strong> para Investigador, <strong>50 vagas<\/strong> para Papiloscopista e <strong>50 vagas<\/strong> para Delegado. Segundo a Ag\u00eancia de Not\u00edcias do Paran\u00e1, o novo concurso <strong>DEPEN PR<\/strong>, ir\u00e1 ofertar <strong>238 vagas<\/strong>.<\/p>\n\n\n\n<p>Atualmente, para ser <strong>Delegado<\/strong> da Pol\u00edcia Civil do Paran\u00e1, \u00e9 necess\u00e1rio ter <strong>bacharelado em Direito<\/strong>. O sal\u00e1rio inicial passa dos <strong>R$ 13 mil<\/strong>. J\u00e1 para os cargos de<strong> Investigador e Papiloscopista<\/strong>, \u00e9 preciso ter o <strong>n\u00edvel superior em qualquer \u00e1rea<\/strong>. As remunera\u00e7\u00f5es iniciais s\u00e3o de <strong>R$ 5.478,48 e R$ 5.752,41<\/strong>, respectivamente.<\/p>\n\n\n\n<p>At\u00e9 o momento, no <strong>DEPEN PR<\/strong>, o <strong>Agente de Cadeia<\/strong> (atual Policial Penal) tem como exig\u00eancia o <strong>n\u00edvel m\u00e9dio<\/strong> <strong>completo<\/strong> e idade m\u00ednima de <strong>18 anos<\/strong>. No ano de <strong>2018<\/strong>, os ganhos iniciais eram de <strong>R$ 3.023,51<\/strong>. Entretanto, o sindicato pede um novo Plano de Carreira, Cargos e Sal\u00e1rios.<\/p>\n\n\n\n<p class=\"has-text-align-center\"><a href=\"https:\/\/www.novaconcursos.com.br\/concurso\/pm-pr-policia-militar-parana\/apostila?promo_name=concurso&amp;promo_id=%2Fportal%2Fconcursos%2Fconcurso-pm-pr&amp;promo_creative=Apostilas&amp;promo_position=box-tipo-produto\" target=\"_blank\" rel=\"noreferrer noopener\" aria-label=\"\u00bb Prepare-se para o concurso PM PR + B\u00d4NUS (GR\u00c1TIS)\u00a0\u00ab (abre numa nova aba)\">\u00bb Prepare-se para o concurso PM PR + B\u00d4NUS (GR\u00c1TIS)\u00a0\u00ab<\/a> <\/p>","protected":false},"excerpt":{"rendered":"<p>Previsto para ser divulgado at\u00e9 o dia 16 de fevereiro, o edital do concurso PM PR (Pol\u00edcia Militar do Paran\u00e1) passa pelos \u00faltimos tr\u00e2mites burocr\u00e1ticos para ser publicado. Tr\u00e2mites para publicar o edital do concurso PM PR O edital do concurso PM PR estava previsto para ser divulgado at\u00e9 o dia 16 de fevereiro, o [&hellip;]<\/p>\n","protected":false},"author":16,"featured_media":90355,"comment_status":"closed","ping_status":"closed","sticky":false,"template":"","format":"standard","meta":{"_acf_changed":false,"footnotes":"","_wp_rev_ctl_limit":""},"categories":[228],"tags":[],"class_list":["post-98364","post","type-post","status-publish","format-standard","has-post-thumbnail","hentry","category-noticias"],"acf":[],"_links":{"self":[{"href":"https:\/\/www.novaconcursos.com.br\/portal\/wp-json\/wp\/v2\/posts\/98364","targetHints":{"allow":["GET"]}}],"collection":[{"href":"https:\/\/www.novaconcursos.com.br\/portal\/wp-json\/wp\/v2\/posts"}],"about":[{"href":"https:\/\/www.novaconcursos.com.br\/portal\/wp-json\/wp\/v2\/types\/post"}],"author":[{"embeddable":true,"href":"https:\/\/www.novaconcursos.com.br\/portal\/wp-json\/wp\/v2\/users\/16"}],"replies":[{"embeddable":true,"href":"https:\/\/www.novaconcursos.com.br\/portal\/wp-json\/wp\/v2\/comments?post=98364"}],"version-history":[{"count":2,"href":"https:\/\/www.novaconcursos.com.br\/portal\/wp-json\/wp\/v2\/posts\/98364\/revisions"}],"predecessor-version":[{"id":302258,"href":"https:\/\/www.novaconcursos.com.br\/portal\/wp-json\/wp\/v2\/posts\/98364\/revisions\/302258"}],"wp:featuredmedia":[{"embeddable":true,"href":"https:\/\/www.novaconcursos.com.br\/portal\/wp-json\/wp\/v2\/media\/90355"}],"wp:attachment":[{"href":"https:\/\/www.novaconcursos.com.br\/portal\/wp-json\/wp\/v2\/media?parent=98364"}],"wp:term":[{"taxonomy":"category","embeddable":true,"href":"https:\/\/www.novaconcursos.com.br\/portal\/wp-json\/wp\/v2\/categories?post=98364"},{"taxonomy":"post_tag","embeddable":true,"href":"https:\/\/www.novaconcursos.com.br\/portal\/wp-json\/wp\/v2\/tags?post=98364"}],"curies":[{"name":"wp","href":"https:\/\/api.w.org\/{rel}","templated":true}]}}