{"id":98499,"date":"2020-02-19T11:17:34","date_gmt":"2020-02-19T14:17:34","guid":{"rendered":"https:\/\/www.novaconcursos.com.br\/portal\/?p=98499"},"modified":"2020-02-19T11:17:38","modified_gmt":"2020-02-19T14:17:38","slug":"concurso-mp-sp-promotor-prova-oral-sera-aplicada-no-mes-de-marco","status":"publish","type":"post","link":"https:\/\/www.novaconcursos.com.br\/portal\/noticias\/concurso-mp-sp-promotor-prova-oral-sera-aplicada-no-mes-de-marco\/","title":{"rendered":"Concurso MP SP Promotor: Prova oral ser\u00e1 aplicada no m\u00eas de mar\u00e7o!"},"content":{"rendered":"<p>As fortes chuvas que ca\u00edram em S\u00e3o Paulo, <strong>n\u00e3o permitiram a realiza\u00e7\u00e3o da prova oral<\/strong> do <a href=\"https:\/\/www.novaconcursos.com.br\" target=\"_blank\" rel=\"noreferrer noopener\" aria-label=\"concurso (abre numa nova aba)\">concurso<\/a> <strong>MP SP<\/strong> (Minist\u00e9rio P\u00fablico de S\u00e3o Paulo) para o cargo de <strong>Promotor<\/strong>.<\/p>\n\n\n\n<p><a href=\"https:\/\/www.novaconcursos.com.br\/portal\/wp-content\/uploads\/2020\/02\/Aviso-n%C2%BA-055-20_Altera%C3%A7%C3%A3o-de-data-Exames-Orais-de-10.02.2020.pdf\" target=\"_blank\" rel=\"noreferrer noopener\" aria-label=\"\u21d2 Confira o edital de convoca\u00e7\u00e3o remarcando o dia da realiza\u00e7\u00e3o da prova oral do concurso MP SP Promotor! \u21d0 (abre numa nova aba)\">\u21d2 Confira o edital de convoca\u00e7\u00e3o remarcando o dia da realiza\u00e7\u00e3o da prova oral do concurso MP SP Promotor! \u21d0<\/a><\/p>\n\n\n\n<h2 class=\"wp-block-heading\" id=\"prova-oral-do-concurso-mp-sp-promotor\">Prova oral do concurso MP SP Promotor<\/h2>\n\n\n\n<p>As fortes chuvas que assolaram a capital de S\u00e3o Paulo no in\u00edcio do m\u00eas de fevereiro, <strong>n\u00e3o permitiu a realiza\u00e7\u00e3o da Prova Oral do concurso MP SP Promotor<\/strong>, que seriam realizadas no dia <strong>10 de fevereiro<\/strong>. O exame foi remarcado para uma nova data.<\/p>\n\n\n\n<p>Vale ressaltar, <strong>que a convoca\u00e7\u00e3o para os exames j\u00e1 foi divulgada<\/strong>. As argui\u00e7\u00f5es come\u00e7aram a ser realizadas no dia 13 de janeiro e terminar\u00e1 no dia 17 de mar\u00e7o, com diferentes datas para grupos de dois a cinco candidatos cada.<\/p>\n\n\n\n<p>Agora, <strong>os participantes ir\u00e3o realizar a Prova Oral no dia 06 de mar\u00e7o de 2020, seguindo as mesmas regras e recomenda\u00e7\u00f5es<\/strong>. O edital de convoca\u00e7\u00e3o recomenda que os candidatos utilizem traje compat\u00edvel com a traje compat\u00edvel com a tradi\u00e7\u00e3o forense, devendo comparecer com anteced\u00eancia m\u00ednima de 30 minutos, portanto documento de identifica\u00e7\u00e3o.<\/p>\n\n\n\n<p>Para a realiza\u00e7\u00e3o da prova oral, <strong>\u00e9 permitida consulta \u00e0 legisla\u00e7\u00e3o oferecida pela comiss\u00e3o do concurso<\/strong>. Essa \u00e9 a \u00faltima etapa do certame para Promotor, antes da homologa\u00e7\u00e3o e divulga\u00e7\u00e3o do resultado final.<\/p>\n\n\n\n<div class=\"wp-block-image\"><figure class=\"aligncenter is-resized\"><img decoding=\"async\" src=\"https:\/\/www.novaconcursos.com.br\/portal\/wp-content\/uploads\/2019\/06\/nova-mp-sp-auxiliar-1-1024x576.jpg\" alt=\"Nova-MP-SP\" class=\"wp-image-86414\" width=\"791\" height=\"446\" loading=\"lazy\" title=\"\"><\/figure><\/div>\n\n\n\n<h2 class=\"wp-block-heading\" id=\"novo-concurso-mp-sp-promotor-previsto\">Novo concurso MP SP Promotor \u00e9 previsto<\/h2>\n\n\n\n<p>Com o atual edital perto de ser homologado, o Minist\u00e9rio P\u00fablico do Estado de S\u00e3o Paulo est\u00e1 pr\u00f3ximo de <strong>divulgar um novo edital de concurso MP SP para a carreira de Promotor de Justi\u00e7a Substituto<\/strong>. Inclusive, a pr\u00f3xima sele\u00e7\u00e3o j\u00e1 foi aprovada pelo \u00d3rg\u00e3o Especial.<\/p>\n\n\n\n<p>A previs\u00e3o \u00e9 de uma oferta de <strong>157 vagas<\/strong>, que ainda poder\u00e1 ser maior at\u00e9 a publica\u00e7\u00e3o do edital. Esse quantitativo foi definido pelos membros do colegiado, <strong>mas poder\u00e1 aumentar em decorr\u00eancia de novos cargos que possam surgir<\/strong>.<\/p>\n\n\n\n<p>O cargo de Promotor tem exig\u00eancia de <strong>gradua\u00e7\u00e3o completa em Direito<\/strong>, al\u00e9m de experi\u00eancia m\u00ednima de <strong>tr\u00eas anos de atividade jur\u00eddica<\/strong>, devidamente comprovada. O sal\u00e1rio inicial \u00e9 de <strong>R$ 24.818,71<\/strong>, valor que pode chegar a<strong> R$ 30.000,00<\/strong> com as progress\u00f5es.<\/p>\n\n\n\n<p>A sele\u00e7\u00e3o que est\u00e1 em andamento trouxe uma oferta de <strong>80 vagas<\/strong> de car\u00e1ter imediato, mais forma\u00e7\u00e3o de cadastro reserva. A <strong>taxa de inscri\u00e7\u00e3o<\/strong> foi no valor de <strong>R$ 280,00<\/strong>, podendo o candidato solicitar isen\u00e7\u00e3o. N\u00e3o houve uma banca organizadora, <strong>sendo o pr\u00f3prio \u00f3rg\u00e3o respons\u00e1vel por todas as publica\u00e7\u00f5es<\/strong>.<\/p>\n\n\n\n<p><strong>A primeira etapa foi a prova objetiva<\/strong>, sendo composta por <strong>100 quest\u00f5es<\/strong> de m\u00faltipla escolha, sendo:<\/p>\n\n\n\n<ul class=\"wp-block-list\"><li>Direito Penal: 15 quest\u00f5es;<\/li><\/ul><ul class=\"wp-block-list\"><li>Direito Processual Penal: 12 quest\u00f5es;<\/li><\/ul><ul class=\"wp-block-list\"><li>Direito Civil: 10 quest\u00f5es;<\/li><\/ul><ul class=\"wp-block-list\"><li>Direito Processual Civil: 10 quest\u00f5es;<\/li><\/ul><ul class=\"wp-block-list\"><li>Direito Constitucional: 12 quest\u00f5es;<\/li><\/ul><ul class=\"wp-block-list\"><li>Direito da Inf\u00e2ncia e da Juventude: 06 quest\u00f5es;<\/li><\/ul><ul class=\"wp-block-list\"><li>Direito Comercial e Empresarial: 04 quest\u00f5es;<\/li><\/ul><ul class=\"wp-block-list\"><li>Tutela de Interesses Difusos, Coletivos e Individuais Homog\u00eaneos: 14 quest\u00f5es;<\/li><\/ul><ul class=\"wp-block-list\"><li>Direitos Humanos: 04 quest\u00f5es;<\/li><\/ul><ul class=\"wp-block-list\"><li>Direito Administrativo: 10 quest\u00f5es;<\/li><\/ul><ul class=\"wp-block-list\"><li>Direito Eleitoral: 03 quest\u00f5es.<\/li><\/ul><p style=\"text-align:center\"><a href=\"https:\/\/www.novaconcursos.com.br\/concurso\/mp-sp-ministerio-publico-do-estado-de-sao-paulo\/apostila?promo_name=concurso&amp;promo_id=%2Fportal%2Fconcursos%2Fconcurso-mp-sp-promotor&amp;promo_creative=Apostilas&amp;promo_position=box-tipo-produto\" target=\"_blank\" rel=\"noreferrer noopener\" aria-label=\"\u00bb Prepare-se para o concurso MP SP Promotor + B\u00d4NUS (GR\u00c1TIS)\u00a0\u00ab (abre numa nova aba)\">\u00bb Prepare-se para o concurso MP SP Promotor + B\u00d4NUS (GR\u00c1TIS)\u00a0\u00ab<\/a> <\/p>","protected":false},"excerpt":{"rendered":"<p>As fortes chuvas que ca\u00edram em S\u00e3o Paulo, n\u00e3o permitiram a realiza\u00e7\u00e3o da prova oral do concurso MP SP (Minist\u00e9rio P\u00fablico de S\u00e3o Paulo) para o cargo de Promotor. \u21d2 Confira o edital de convoca\u00e7\u00e3o remarcando o dia da realiza\u00e7\u00e3o da prova oral do concurso MP SP Promotor! \u21d0 Prova oral do concurso MP SP [&hellip;]<\/p>\n","protected":false},"author":16,"featured_media":86406,"comment_status":"closed","ping_status":"closed","sticky":false,"template":"","format":"standard","meta":{"_acf_changed":false,"footnotes":"","_wp_rev_ctl_limit":""},"categories":[228],"tags":[],"class_list":["post-98499","post","type-post","status-publish","format-standard","has-post-thumbnail","hentry","category-noticias"],"acf":[],"_links":{"self":[{"href":"https:\/\/www.novaconcursos.com.br\/portal\/wp-json\/wp\/v2\/posts\/98499","targetHints":{"allow":["GET"]}}],"collection":[{"href":"https:\/\/www.novaconcursos.com.br\/portal\/wp-json\/wp\/v2\/posts"}],"about":[{"href":"https:\/\/www.novaconcursos.com.br\/portal\/wp-json\/wp\/v2\/types\/post"}],"author":[{"embeddable":true,"href":"https:\/\/www.novaconcursos.com.br\/portal\/wp-json\/wp\/v2\/users\/16"}],"replies":[{"embeddable":true,"href":"https:\/\/www.novaconcursos.com.br\/portal\/wp-json\/wp\/v2\/comments?post=98499"}],"version-history":[{"count":1,"href":"https:\/\/www.novaconcursos.com.br\/portal\/wp-json\/wp\/v2\/posts\/98499\/revisions"}],"predecessor-version":[{"id":98502,"href":"https:\/\/www.novaconcursos.com.br\/portal\/wp-json\/wp\/v2\/posts\/98499\/revisions\/98502"}],"wp:featuredmedia":[{"embeddable":true,"href":"https:\/\/www.novaconcursos.com.br\/portal\/wp-json\/wp\/v2\/media\/86406"}],"wp:attachment":[{"href":"https:\/\/www.novaconcursos.com.br\/portal\/wp-json\/wp\/v2\/media?parent=98499"}],"wp:term":[{"taxonomy":"category","embeddable":true,"href":"https:\/\/www.novaconcursos.com.br\/portal\/wp-json\/wp\/v2\/categories?post=98499"},{"taxonomy":"post_tag","embeddable":true,"href":"https:\/\/www.novaconcursos.com.br\/portal\/wp-json\/wp\/v2\/tags?post=98499"}],"curies":[{"name":"wp","href":"https:\/\/api.w.org\/{rel}","templated":true}]}}