{"id":98605,"date":"2020-02-24T15:48:30","date_gmt":"2020-02-24T18:48:30","guid":{"rendered":"https:\/\/www.novaconcursos.com.br\/portal\/?post_type=nc-public-tender&#038;p=98605"},"modified":"2024-12-16T10:07:58","modified_gmt":"2024-12-16T13:07:58","slug":"concurso-guarda-sao-jose-dos-pinhais-pr","status":"publish","type":"post","link":"https:\/\/www.novaconcursos.com.br\/portal\/concursos\/concurso-guarda-sao-jose-dos-pinhais-pr\/","title":{"rendered":"Concurso Guarda S\u00e3o Jos\u00e9 dos Pinhais &#8211; PR"},"content":{"rendered":"<p>Foi divulgado o <strong>edital<\/strong> do novo <a href=\"https:\/\/www.novaconcursos.com.br\" target=\"_blank\" rel=\"noopener noreferrer\">concurso<\/a> <strong>Guarda de S\u00e3o Jos\u00e9 dos Pinhais<\/strong>, no estado do Paran\u00e1. Oportunidades para cargo de <strong>n\u00edvel m\u00e9dio<\/strong>, com sal\u00e1rios de <strong>R$ 2,7 mil<\/strong>.<\/p>\n<p>Os interessados podem se inscrever at\u00e9 o dia <strong>13 de mar\u00e7o<\/strong>, no site da banca organizadora, FAUEL. Os candidatos ser\u00e3o avaliados por meio de uma <strong>prova objetiva<\/strong>, de car\u00e1ter eliminat\u00f3rio e classificat\u00f3rio!<\/p>\n<h2 id=\"como-fazer-a-inscrio-do-concurso-guarda-de-so-jos-dos-pinhai\">Como fazer a inscri\u00e7\u00e3o do concurso Guarda de S\u00e3o Jos\u00e9 dos Pinhais \u2013 PR?<\/h2>\n<p>As <strong>inscri\u00e7\u00f5es<\/strong> ficar\u00e3o abertas at\u00e9 \u00e0s <strong>17 horas do dia 13 de mar\u00e7o de 2020<\/strong>.<\/p>\n<p><strong>Para se inscrever<\/strong>, o candidato dever\u00e1 acessar o site da banca organizadora, <a href=\"http:\/\/www.fauel.org.br\/paginaconcurso.php?concurso=11b9842e0a271ff252c1903e7132cd68\" target=\"_blank\" rel=\"noopener noreferrer\">FAUEL<\/a>.<\/p>\n<p>A <strong>taxa de inscri\u00e7\u00e3o<\/strong> foi fixada no valor de <strong>R$ 100,00<\/strong>.<\/p>\n<p>O <strong>pagamento da taxa de inscri\u00e7\u00e3o<\/strong> dever\u00e1 ser efetuado at\u00e9 o dia <strong>13 de mar\u00e7o de 2020<\/strong>.<\/p>\n<h2 id=\"vagas-e-salrios-do-concurso-guarda-de-so-jos-dos-pinhais-pr\">Vagas e sal\u00e1rios do concurso Guarda de S\u00e3o Jos\u00e9 dos Pinhais \u2013 PR<\/h2>\n<p>O certame oferta <strong>04 vagas<\/strong> de car\u00e1ter imediato no cargo de <strong>Guarda Municipal<\/strong>, com exig\u00eancia do <strong>n\u00edvel m\u00e9dio<\/strong> e Carteira Nacional de Habilita\u00e7\u00e3o <strong>(CNH) na categoria B<\/strong>. As oportunidades est\u00e3o distribu\u00eddas da seguinte maneira:<\/p>\n<p>\u2666 <strong>N\u00edvel M\u00e9dio<\/strong>: Guarda Municipal Masculino (3 vagas) e Guarda Municipal Feminino (1 vaga).<\/p>\n<p>O <strong>sal\u00e1rio<\/strong> para ambos os cargos tem o valor de <strong>R$ 2.753,92<\/strong>. A jornada de trabalho ser\u00e1 pelo <strong>regime de escala<\/strong>.<\/p>\n<p>Os vencimentos ser\u00e3o acrescidos de adicional de periculosidade na propor\u00e7\u00e3o de <strong>30%<\/strong> do vencimento efetivo (Decreto 1.390 de 14 de fevereiro de 2006) + Vale Refei\u00e7\u00e3o, atualmente no valor de <strong>R$ 638,00<\/strong>.<\/p>\n<h2 id=\"como-ser-a-prova-do-concurso-guarda-de-so-jos-dos-pinhais-pr\">Como ser\u00e1 a prova do concurso Guarda de S\u00e3o Jos\u00e9 dos Pinhais \u2013 PR?<\/h2>\n<p>Os candidatos ser\u00e3o <strong>avaliados por meio de 5 etapas<\/strong>, sendo elas:<\/p>\n<p><strong>1\u00aa Etapa<\/strong>: Avalia\u00e7\u00e3o de conhecimentos por meio de Prova Escrita Objetiva de m\u00faltipla escolha para ambos os cargos, de car\u00e1ter eliminat\u00f3rio e classificat\u00f3rio, sob a responsabilidade da FAUEL;<\/p>\n<p><strong>2\u00aa Etapa<\/strong>: Avalia\u00e7\u00e3o Psicol\u00f3gica, de car\u00e1ter eliminat\u00f3rio, sob a responsabilidade da FAUEL;<\/p>\n<p><strong>3\u00aa Etapa<\/strong>: Exames M\u00e9dicos, de car\u00e1ter eliminat\u00f3rio, sob a responsabilidade da FAUEL;<\/p>\n<p><strong>4\u00aa Etapa<\/strong>: Teste de Aptid\u00e3o F\u00edsica, de car\u00e1ter eliminat\u00f3rio e classificat\u00f3rio, sob a responsabilidade da FAUEL;<\/p>\n<p><strong>5\u00aa etapa<\/strong>: Investiga\u00e7\u00e3o de Conduta, de car\u00e1ter eliminat\u00f3rio, sob a responsabilidade do Munic\u00edpio de S\u00e3o Jos\u00e9 dos Pinhais.<\/p>\n<p>A <strong>prova objetiva<\/strong> ser\u00e1 aplicada na data prevista de <strong>26 de abril de 2020<\/strong>, com dura\u00e7\u00e3o de <strong>04 (quatro) horas<\/strong>, nas quais est\u00e1 incluso o tempo para o preenchimento do cart\u00e3o-resposta.<\/p>\n<p>Os <strong>locais e hor\u00e1rios<\/strong> da prova ser\u00e3o informados no site da banca organizadora, FAUEL, a partir do dia <strong>17 de abril de 2020<\/strong>.<\/p>\n<p>As quest\u00f5es da prova objetiva ser\u00e3o de m\u00faltipla escolha, com <strong>05<\/strong> (cinco) alternativas (a, b, c, d, e) e apenas <strong>01<\/strong> (uma) alternativa correta.<\/p>\n<p>As <strong>provas objetivas<\/strong> ser\u00e3o avaliadas na escala de 0,00 (zero) a 100,00 (cem) pontos, devendo o candidato, para ser considerado aprovado, obter, no m\u00ednimo, <strong>60%<\/strong> (sessenta por cento) do total de pontos previstos para a prova e n\u00e3o zerar em nenhuma das \u00e1reas de conhecimento.<\/p>\n<p>O <strong>conte\u00fado program\u00e1tico<\/strong> da prova ir\u00e1 constar as seguintes disciplinas:<\/p>\n<p>\u2013 L\u00edngua Portuguesa: 10 quest\u00f5es;<\/p>\n<p>\u2013 Matem\u00e1tica: 05 quest\u00f5es;<\/p>\n<p>\u2013 Inform\u00e1tica: 05 quest\u00f5es;<\/p>\n<p>\u2013 Legisla\u00e7\u00e3o de Tr\u00e2nsito: 10 quest\u00f5es;<\/p>\n<p>\u2013 Conhecimentos Gerais: 10 quest\u00f5es;<\/p>\n<p>\u2013 Conhecimentos Espec\u00edficos: 20 quest\u00f5es.<\/p>\n<p>A <strong>prova de aptid\u00e3o f\u00edsica<\/strong> ter\u00e1 car\u00e1ter eliminat\u00f3rio (os testes apresentam crit\u00e9rios m\u00ednimos a serem atingidos) e classificat\u00f3rio (quanto melhor o desempenho, maior a pontua\u00e7\u00e3o), e ser\u00e1 composta por 04 (quatro) testes, nesta ordem:<\/p>\n<p><strong>I.<\/strong> Teste de flex\u00e3o em barra fixa;<\/p>\n<p><strong>II.<\/strong> Teste de flex\u00e3o abdominal;<\/p>\n<p><strong>III.<\/strong> Teste de impuls\u00e3o horizontal;<\/p>\n<p><strong>IV.<\/strong> Teste de corrida de 12 minutos.<\/p>\n<p>O candidato eliminado em qualquer dos testes <strong>N\u00c3O poder\u00e1 prosseguir na realiza\u00e7\u00e3o dos demais<\/strong>, n\u00e3o sendo permitida sua perman\u00eancia no local de prova.<\/p>\n<p><strong>O prazo de validade do concurso p\u00fablico \u00e9 de 02 (dois) anos<\/strong>, contados a partir da data de publica\u00e7\u00e3o da homologa\u00e7\u00e3o do resultado final pelo Prefeito Municipal de S\u00e3o Jos\u00e9 dos Pinhais, prorrog\u00e1vel por uma vez, por igual per\u00edodo, a crit\u00e9rio da Administra\u00e7\u00e3o Municipal.<\/p>\n<h2 id=\"requisitos-para-investidura-dos-cargos-do-concurso-guarda-de\">Requisitos para investidura dos cargos do concurso Guarda de S\u00e3o Jos\u00e9 dos Pinhais \u2013 PR<\/h2>\n<p>O candidato aprovado e convocado no concurso p\u00fablico de que trata o edital ser\u00e1 investido no cargo se atendidas as seguintes exig\u00eancias:<\/p>\n<p><strong>a)<\/strong> Ter nacionalidade brasileira, e aos estrangeiros os requisitos na forma da Lei, conforme a Constitui\u00e7\u00e3o Federal;<\/p>\n<p><strong>b)<\/strong> Gozar dos direitos pol\u00edticos;<\/p>\n<p><strong>c)<\/strong> Estar em dia com as obriga\u00e7\u00f5es eleitorais e, se do sexo masculino, tamb\u00e9m com as militares;<\/p>\n<p><strong>d)<\/strong> Comprovar por meio de Diploma ou Certificado, em institui\u00e7\u00e3o devidamente reconhecida pelo Minist\u00e9rio da Educa\u00e7\u00e3o (MEC) ou \u00f3rg\u00e3o competente, o n\u00edvel de escolaridade exigido para a investidura no cargo;<\/p>\n<p><strong>e)<\/strong> Ter, no m\u00ednimo, 18 anos completos na data da nomea\u00e7\u00e3o;<\/p>\n<p><strong>f)<\/strong> N\u00e3o ter sido demitido do Servi\u00e7o P\u00fablico Estadual, Federal ou Municipal, observado o disposto no artigo 200 da Lei Municipal n\u00ba 525, de 25 de mar\u00e7o de 2004 \u2013 Estatuto dos Servidores P\u00fablicos Municipais e altera\u00e7\u00f5es;<\/p>\n<p><strong>g)<\/strong> Ter aptid\u00e3o f\u00edsica e mental compat\u00edveis \u00e0s suas fun\u00e7\u00f5es, atrav\u00e9s de verifica\u00e7\u00e3o pelo Servi\u00e7o M\u00e9dico Pericial Municipal;<\/p>\n<p><strong>h)<\/strong> Apresentar certid\u00e3o negativa de antecedentes criminais;<\/p>\n<p><strong>i)<\/strong> Apresentar declara\u00e7\u00e3o de bens e valores que constituam seu patrim\u00f4nio;<\/p>\n<p><strong>j)<\/strong> Apresentar declara\u00e7\u00e3o quanto ao exerc\u00edcio ou n\u00e3o de outro cargo, emprego ou fun\u00e7\u00e3o p\u00fablica e de compatibilidade de hor\u00e1rio para o exerc\u00edcio de mais de um cargo, quando acumul\u00e1vel;<\/p>\n<p><strong>k)<\/strong> Declara\u00e7\u00e3o sobre percep\u00e7\u00e3o de proventos de aposentadoria, por conta do regime geral de previd\u00eancia ou de qualquer outro regime pr\u00f3prio de previd\u00eancia em \u00e2mbito federal, estadual ou municipal, decorrentes de cargo, emprego ou fun\u00e7\u00e3o p\u00fablica, conforme artigo 40 da Constitui\u00e7\u00e3o Federal e de servi\u00e7o militar, conforme artigos 42 e 142 da Constitui\u00e7\u00e3o Federal;<\/p>\n<p><strong>l)<\/strong> Apresentar comprovante de resid\u00eancia atualizado, em nome do candidato;<\/p>\n<p><strong>m)<\/strong> Apresentar outros documentos que se fizerem necess\u00e1rios \u00e0 \u00e9poca da nomea\u00e7\u00e3o.<\/p>\n<h2 id=\"sobre-o-municpio-de-so-jos-dos-pinhais-pr\">Sobre o munic\u00edpio de S\u00e3o Jos\u00e9 dos Pinhais \u2013 PR<\/h2>\n<p>S\u00e3o Jos\u00e9 dos Pinhais \u00e9 um munic\u00edpio brasileiro do estado do Paran\u00e1, criado atrav\u00e9s da Lei n\u00ba 10 da ent\u00e3o prov\u00edncia de S\u00e3o Paulo, no dia 16 de julho de 1852. A lei definia que a sede do munic\u00edpio seria chamada Villa de S\u00e3o Jos\u00e9 dos Pinhais. O estabelecimento pol\u00edtico da cidade se deu com a instala\u00e7\u00e3o da C\u00e2mara dos Vereadores, em 8 de janeiro de 1853. Em 27 de dezembro de 1897, a vila foi elevada \u00e0 categoria de cidade.<\/p>\n<p>S\u00e3o Jos\u00e9 dos Pinhais \u00e9 uma cidade m\u00e9dia, a segunda mais populosa da mesorregi\u00e3o e a popula\u00e7\u00e3o em 2010 o n\u00famero \u00e9 superior a 263 mil habitantes. S\u00e3o Jos\u00e9 dos Pinhais \u00e9 o munic\u00edpio com a quinta maior \u00e1rea da Regi\u00e3o Metropolitana de Curitiba.<\/p>\n<p>S\u00e3o Jos\u00e9 dos Pinhais \u00e9 o terceiro polo automotivo do pa\u00eds, e tamb\u00e9m sede do Aeroporto Internacional Afonso Pena, principal terminal a\u00e9reo do estado do Paran\u00e1.<\/p>\n<p>O munic\u00edpio de S\u00e3o Jos\u00e9 dos Pinhais tem um dos maiores \u00edndices de crescimento econ\u00f4mico do Paran\u00e1. E isso n\u00e3o ocorre por acaso. Entre as raz\u00f5es, est\u00e3o a localiza\u00e7\u00e3o estrat\u00e9gica, a infraestrutura e a m\u00e3o de obra qualificada, que despertam o interesse e d\u00e3o seguran\u00e7a para que os empres\u00e1rios se instalem na cidade. Al\u00e9m disso, os empreendedores encontram na administra\u00e7\u00e3o p\u00fablica uma aliada dos seus neg\u00f3cios, oferecendo uma s\u00e9rie de benef\u00edcios para a vinda de novos investidores e para manter os que aqui est\u00e3o.<\/p>\n<p>O fortalecimento da economia municipal gera qualidade de vida \u00e0 popula\u00e7\u00e3o de S\u00e3o Jos\u00e9 dos Pinhais, que hoje pode contar, por exemplo, com um com\u00e9rcio diversificado e capaz de suprir as necessidades dos s\u00e3o-joseenses.<\/p>","protected":false},"excerpt":{"rendered":"<p>Foi divulgado o edital do novo concurso Guarda de S\u00e3o Jos\u00e9 dos Pinhais, no estado do Paran\u00e1. Oportunidades para cargo de n\u00edvel m\u00e9dio, com sal\u00e1rios de R$ 2,7 mil.<\/p>\n","protected":false},"author":16,"featured_media":0,"comment_status":"closed","ping_status":"closed","sticky":false,"template":"","format":"standard","meta":{"_acf_changed":false,"footnotes":"","_wp_rev_ctl_limit":""},"categories":[44999],"tags":[],"class_list":["post-98605","post","type-post","status-publish","format-standard","hentry","category-concursos"],"acf":[],"_links":{"self":[{"href":"https:\/\/www.novaconcursos.com.br\/portal\/wp-json\/wp\/v2\/posts\/98605","targetHints":{"allow":["GET"]}}],"collection":[{"href":"https:\/\/www.novaconcursos.com.br\/portal\/wp-json\/wp\/v2\/posts"}],"about":[{"href":"https:\/\/www.novaconcursos.com.br\/portal\/wp-json\/wp\/v2\/types\/post"}],"author":[{"embeddable":true,"href":"https:\/\/www.novaconcursos.com.br\/portal\/wp-json\/wp\/v2\/users\/16"}],"replies":[{"embeddable":true,"href":"https:\/\/www.novaconcursos.com.br\/portal\/wp-json\/wp\/v2\/comments?post=98605"}],"version-history":[{"count":2,"href":"https:\/\/www.novaconcursos.com.br\/portal\/wp-json\/wp\/v2\/posts\/98605\/revisions"}],"predecessor-version":[{"id":124356,"href":"https:\/\/www.novaconcursos.com.br\/portal\/wp-json\/wp\/v2\/posts\/98605\/revisions\/124356"}],"wp:attachment":[{"href":"https:\/\/www.novaconcursos.com.br\/portal\/wp-json\/wp\/v2\/media?parent=98605"}],"wp:term":[{"taxonomy":"category","embeddable":true,"href":"https:\/\/www.novaconcursos.com.br\/portal\/wp-json\/wp\/v2\/categories?post=98605"},{"taxonomy":"post_tag","embeddable":true,"href":"https:\/\/www.novaconcursos.com.br\/portal\/wp-json\/wp\/v2\/tags?post=98605"}],"curies":[{"name":"wp","href":"https:\/\/api.w.org\/{rel}","templated":true}]}}