{"id":98643,"date":"2022-08-15T12:58:36","date_gmt":"2022-08-15T15:58:36","guid":{"rendered":"https:\/\/www.novaconcursos.com.br\/portal\/?post_type=nc-public-tender&#038;p=98643"},"modified":"2024-12-16T09:50:16","modified_gmt":"2024-12-16T12:50:16","slug":"concurso-sesacre-ac","status":"publish","type":"post","link":"https:\/\/www.novaconcursos.com.br\/portal\/concursos\/concurso-sesacre-ac\/","title":{"rendered":"Concurso Sesacre: Edital publicado com 669 vagas. N\u00edvel m\u00e9dio e superior!"},"content":{"rendered":"<p>Boas not\u00edcias, concurseiros! O edital publicado do <strong>concurso Sesacre<\/strong> (Secretaria de Estado de Sa\u00fade do Estado do Acre), trouxe novidades nesta segunda-feira, 15 de agosto.<\/p>\n\n\n\n<p>A retifica\u00e7\u00e3o do edital, ampliou o quantitativo de vagas de 622 para <strong>669 oportunidades,\u00a0<\/strong>distribuida entre cargos de n\u00edveis <strong>m\u00e9dio e superior.<\/strong><\/p>\n\n\n\n<p>Al\u00e9m disso, as inscri\u00e7\u00f5es que se encerraram em julho, foram <strong>reabertas<\/strong> e ganharam novo prazo at\u00e9 12 de setembro.<\/p>\n\n\n\n<p>Com as altera\u00e7\u00f5es, as provas objetivas tamb\u00e9m tiveram nova data, <strong>16 de outubro.\u00a0<\/strong><\/p>\n\n\n\n<p>Portanto, se voc\u00ea se interessa pelo concurso, confira<strong> mais detalhes<\/strong> a seguir!<\/p>\n\n\n\n<h2 class=\"wp-block-heading\" id=\"concurso-sesacre-inscries\">Concurso Sesacre: inscri\u00e7\u00f5es<\/h2>\n\n\n\n<p>Sendo assim, \u00e9 imprescind\u00edvel que os interessados no concurso Sesacre saibam que teram nova data para realizar sua inscri\u00e7\u00e3o entre os dias <strong>15 de agosto e 12 de setembro<\/strong>\u00a0por meio do site da <strong>banca organizadora<\/strong> do certame, o IBFC (Instituto Brasileiro de Forma\u00e7\u00e3o e Capacita\u00e7\u00e3o).<\/p>\n\n\n\n<p>Al\u00e9m disso, para efetivar a participa\u00e7\u00e3o \u00e9 preciso que <strong>at\u00e9 o 13 de setembro<\/strong>\u00a0os candidatos efetuem o pagamento da<strong> taxa de inscri\u00e7\u00e3o,<\/strong> cujo valor varia conforme o n\u00edvel de escolaridade, sendo:<\/p>\n\n\n\n<ul class=\"wp-block-list\"><li><strong>N\u00edvel M\u00e9dio: <\/strong>R$ 53,00<\/li>\n\n\n\n<li><strong>N\u00edvel Superior:<\/strong> R$ 72,00<\/li>\n<\/ul><p><\/p>\n\n\n\n<h3 class=\"wp-block-heading\">Isen\u00e7\u00e3o de taxa<\/h3>\n\n\n\n<p>\u00c9 igualmente essencial que os concurseiros saibam que entre os dias <strong>15 e e 17 de agosto<\/strong>\u00a0poder\u00e3o solicitar a <strong>isen\u00e7\u00e3o de taxa<\/strong> aqueles que se enquadrem nos crit\u00e9rios indicados abaixo:<\/p>\n\n\n\n<ul class=\"wp-block-list\"><li>candidatos que perten\u00e7am \u00e0 fam\u00edlia inscrita no Cadastro \u00danico para Programas Sociais \u2013 Cad\u00danico, do Governo Federal, cuja renda familiar mensal per capita seja inferior ou igual a meio sal\u00e1rio-m\u00ednimo nacional;<\/li>\n\n\n\n<li>doadores de sangue;<\/li>\n\n\n\n<li>doadores de medula \u00f3ssea;<\/li>\n\n\n\n<li>eleitor convocado e nomeado.<\/li>\n<\/ul><p><\/p>\n\n\n\n<h2 class=\"wp-block-heading\" id=\"vagas-cargos-e-remuneraes\">Vagas, cargos e remunera\u00e7\u00f5es<\/h2>\n\n\n\n<p>Portanto, o novo concurso da Secretaria de Estado de Sa\u00fade do Estado do <a href=\"https:\/\/www.novaconcursos.com.br\/portal\/concursos-abertos\/ac\/\">Acre<\/a> oferta <strong>622 oportunidades<\/strong> entre diversos cargos de <strong>n\u00edveis m\u00e9dio e superior.<\/strong> Dessa forma, confira as<strong> carreiras<\/strong> contempladas pelo edital:<\/p>\n\n\n\n<p><strong>N\u00edvel M\u00e9dio<\/strong><\/p>\n\n\n\n<ul class=\"wp-block-list\"><li>Agente Administrativo<\/li>\n\n\n\n<li>Auxiliar de Farm\u00e1cia<\/li>\n\n\n\n<li>T\u00e9cnico de Laborat\u00f3rio em An\u00e1lise Cl\u00ednica<\/li>\n\n\n\n<li>T\u00e9cnico em \u00d3rtese e Pr\u00f3tese Ortop\u00e9dica<\/li>\n\n\n\n<li>Condutor de Ambul\u00e2ncia<\/li>\n\n\n\n<li>T\u00e9cnico de Radiologia<\/li>\n\n\n\n<li>T\u00e9cnico em Seguran\u00e7a do Trabalho<\/li>\n<\/ul><p><strong>N\u00edvel Superior<\/strong><\/p>\n\n\n\n<ul class=\"wp-block-list\"><li>Assistente Social<\/li>\n\n\n\n<li>Bi\u00f3logo<\/li>\n\n\n\n<li>Cirurgi\u00e3o Dentista<\/li>\n\n\n\n<li>Enfermeiro<\/li>\n\n\n\n<li>Engenheiro Eletricista<\/li>\n\n\n\n<li>Engenheiro Eletr\u00f4nico<\/li>\n\n\n\n<li>Farmac\u00eautico<\/li>\n\n\n\n<li>Engenheiro Sanitarista<\/li>\n\n\n\n<li>Fisioterapeuta<\/li>\n\n\n\n<li>Fonoaudi\u00f3logo<\/li>\n\n\n\n<li>M\u00e9dico (diversas especialidades)<\/li>\n\n\n\n<li>M\u00e9dico do Trabalho<\/li>\n<\/ul><p>Al\u00e9m disso, as vagas est\u00e3o destinadas a uma<strong> s\u00e9rie de munic\u00edpios<\/strong> do estado. Ademais, os aprovados no concurso p\u00fablico e contratados pelo \u00f3rg\u00e3o contar\u00e3o com <strong>remunera\u00e7\u00f5es<\/strong> que variam entre <strong>R$ 1.392,81<\/strong> e <strong>R$ 11.096,93<\/strong> para as jornadas de trabalho de 30 horas semanais.<\/p>\n\n\n\n<h2 class=\"wp-block-heading\" id=\"quais-so-os-requisitos-bsicos\">Quais s\u00e3o os requisitos b\u00e1sicos?<\/h2>\n\n\n\n<p>\u00c9 igualmente importante que os candidatos do concurso Sesacre saibam que, para a <strong>investidura nos cargos,<\/strong> dever\u00e3o cumprir com os <strong>requisitos b\u00e1sicos<\/strong> indicados a seguir:<\/p>\n\n\n\n<ul class=\"wp-block-list\"><li>ser brasileiro nato ou naturalizado e, no caso de nacionalidade portuguesa, estar amparado pelo estatuto de igualdade entre brasileiros e portugueses, com reconhecimento do gozo dos direitos pol\u00edticos, na forma do art. 13 do Decreto n\u00ba 70.436, de 18\/04\/1972, da Constitui\u00e7\u00e3o Federal, art. 12, de 05\/10\/1988 e da Emenda Constitucional n\u00ba 19 de 04\/06\/98, art. 3\u00ba;<\/li>\n\n\n\n<li>ter a idade m\u00ednima de 18 (dezoito) anos completos;<\/li>\n\n\n\n<li>estar quite com as obriga\u00e7\u00f5es eleitorais;<\/li>\n\n\n\n<li>estar quite com as obriga\u00e7\u00f5es militares, para os candidatos do sexo masculino;<\/li>\n\n\n\n<li>encontrar-se em pleno gozo de seus direitos pol\u00edticos e civis;<\/li>\n\n\n\n<li>n\u00e3o ter sofrido, no exerc\u00edcio de fun\u00e7\u00e3o p\u00fablica, penalidade incompat\u00edvel com nova investidura em cargo p\u00fablico;<\/li>\n\n\n\n<li>n\u00e3o ter sofrido nenhuma condena\u00e7\u00e3o em virtude de crime contra a Administra\u00e7\u00e3o, com tr\u00e2nsito em julgado;<\/li>\n\n\n\n<li>ter aptid\u00e3o f\u00edsica e mental para o exerc\u00edcio das atribui\u00e7\u00f5es do cargo;<\/li>\n\n\n\n<li>n\u00e3o receber proventos de aposentadoria decorrentes do art. 40 ou dos arts. 42 e 142, conforme teor do Artigo 37, \u00a7 10 da Constitui\u00e7\u00e3o Federal, com a reda\u00e7\u00e3o da Emenda Constitucional n\u00ba 20, de 15\/12\/98, e nem estar com idade de aposentaria compuls\u00f3ria;<\/li>\n\n\n\n<li>n\u00e3o possuir registro de antecedentes criminais nos \u00faltimos 5 (cinco) anos, ficando impedida a contrata\u00e7\u00e3o nos casos em que houver a\u00e7\u00e3o penal com senten\u00e7a condenat\u00f3ria transitada em julgado, enquanto durarem seus efeitos, garantido o contradit\u00f3rio e a ampla defesa;<\/li>\n\n\n\n<li>estar devidamente registrado e em dia junto ao respectivo Conselho Profissional de Classe, para a ocupa\u00e7\u00e3o que assim o exigir;<\/li>\n\n\n\n<li>ser aprovado no presente concurso p\u00fablico e possuir os requisitos exigidos para o exerc\u00edcio do cargo, conforme item 2.2;<\/li>\n\n\n\n<li>atender a todas as exig\u00eancias estabelecidas neste Edital.<\/li>\n<\/ul><h2 class=\"wp-block-heading\" id=\"concurso-sesacre-como-sero-as-provas\">Concurso Sesacre: como ser\u00e3o as provas?<\/h2>\n\n\n\n<p>Por fim, \u00e9 imprescind\u00edvel que os candidatos do <a href=\"https:\/\/www.novaconcursos.com.br\/portal\/concursos-previstos\/ac\/\">concurso<\/a> Sesacre saibam que ser\u00e3o avaliados por meio de<strong> provas objetivas e discursivas<\/strong> para todos os cargos. Ademais, para as carreiras de <strong>n\u00edvel superior<\/strong> ainda ser\u00e1 realizada a <strong>avalia\u00e7\u00e3o de t\u00edtulos.<\/strong><\/p>\n\n\n\n<p>Nesse sentido, as <strong>provas objetivas e discursivas<\/strong> est\u00e3o previstas para serem aplicadas no <strong>dia 16 de outubro,<\/strong> nas cidades de Brasil\u00e9ia, Cruzeiro do Sul, Feij\u00f3, Jord\u00e3o, Marechal Thaumaturgo, Porto Walter, Rio Branco, Santa Rosa do Purus, Sena Madureira e Tarauac\u00e1.<\/p>\n\n\n\n<p>Al\u00e9m disso, nessa data os concurseiros responder\u00e3o a <strong>80 quest\u00f5es<\/strong> de m\u00faltipla escolha acerca dos <strong>conte\u00fados<\/strong> indicados abaixo:<\/p>\n\n\n\n<ul class=\"wp-block-list\"><li>L\u00edngua Portuguesa \u2013 10;<\/li>\n\n\n\n<li>Hist\u00f3ria e Geografia do Acre \u2013 10;<\/li>\n\n\n\n<li>Inform\u00e1tica B\u00e1sica \u2013 10.<\/li>\n\n\n\n<li>Conhecimentos Espec\u00edficos \u2013 50.<\/li>\n<\/ul><p>Dessa forma, as provas objetivas valem<strong> 100 pontos,<\/strong> de maneira que para ser considerado como<strong> habilitado<\/strong> \u00e9 necess\u00e1rio que o candidato obtenha <strong>50% de aproveitamento<\/strong> (50 pontos) e n\u00e3o zere nenhum dos conhecimentos.<\/p>\n\n\n\n<p>Por outro lado, a prova discursiva valer\u00e1 <strong>20 pontos,<\/strong> sendo preciso que o inscrito obtenha nota<strong> igual ou superior a 10 pontos.<\/strong><\/p>\n\n\n\n<p>Ademais, para essa etapa os candidatos elaborar\u00e3o uma <strong>reda\u00e7\u00e3o<\/strong> cujo tema ser\u00e1 fornecido no momento da prova. Al\u00e9m disso, o texto dever\u00e1 possuir <strong>entre 20 e 30 linhas.<\/strong><\/p>\n\n\n\n<p>Portanto, receber\u00e1<strong> nota zero<\/strong> a prova discursiva:<\/p>\n\n\n\n<ul class=\"wp-block-list\"><li>que estiver em branco;<\/li>\n\n\n\n<li>com conte\u00fado diverso do tema estabelecido;<\/li>\n\n\n\n<li>que fuja da tipologia, tema e proposta da Prova Discursiva;<\/li>\n\n\n\n<li>considerada ileg\u00edvel ou desenvolvida em forma de desenhos, n\u00fameros, versos, com espa\u00e7amento excessivo entre letras, palavras e par\u00e1grafos, bem como em c\u00f3digos alheios \u00e0 l\u00edngua portuguesa escrita, ou em idioma diverso do Portugu\u00eas;<\/li>\n\n\n\n<li>n\u00e3o for redigida com caneta de tinta azul ou preta;<\/li>\n\n\n\n<li>que apresentar qualquer escrita, sinal, marca ou s\u00edmbolo que possibilite a identifica\u00e7\u00e3o do candidato.<\/li>\n\n\n\n<li>que tiver extens\u00e3o inferior ao m\u00ednimo de linhas estabelecido.<\/li>\n<\/ul><h3 class=\"wp-block-heading\">Prova de T\u00edtulos<\/h3>\n\n\n\n<p>Nesse sentido, os habilitados tanto na <strong>prova objetiva<\/strong> quanto na<strong> prova discursiva<\/strong> ainda passar\u00e3o pela etapa de <strong>prova de t\u00edtulos,<\/strong> em que ser\u00e3o atribu\u00eddos pontos pelas<strong> titula\u00e7\u00f5es<\/strong> dos candidatos.<\/p>\n\n\n\n<p>Portanto, confira os <strong>documentos<\/strong> a serem aceitos nessa avalia\u00e7\u00e3o:<\/p>\n\n\n\n<ul class=\"wp-block-list\"><li><strong>Doutorado:<\/strong> Diploma de conclus\u00e3o de curso de Doutorado, devidamente registrado, fornecido por institui\u00e7\u00e3o de ensino reconhecida pelo Minist\u00e9rio da Educa\u00e7\u00e3o, na \u00e1rea relacionada ao cargo pleiteado.<\/li>\n\n\n\n<li><strong>Mestrado:<\/strong> Diploma de conclus\u00e3o de curso de Mestrado, devidamente registrado, fornecido por institui\u00e7\u00e3o de ensino reconhecida pelo Minist\u00e9rio da Educa\u00e7\u00e3o, na \u00e1rea relacionada ao cargo pleiteado.<\/li>\n\n\n\n<li><strong>Especializa\u00e7\u00e3o:<\/strong> Certificado de conclus\u00e3o de curso de p\u00f3s-gradua\u00e7\u00e3o em n\u00edvel de especializa\u00e7\u00e3o lato sensu, com carga hor\u00e1ria m\u00ednima de 360 horas, reconhecido pelo Minist\u00e9rio da Educa\u00e7\u00e3o, na \u00e1rea relacionada ao cargo pleiteado.<\/li>\n<\/ul><h2 class=\"wp-block-heading\" id=\"sobre-a-sesacre\">Sobre a Sesacre<\/h2>\n\n\n\n<p>A Secretaria de Estado de Sa\u00fade do Acre \u00e9 uma\u00a0<strong>institui\u00e7\u00e3o p\u00fablica<\/strong>, criada pela primeira Constitui\u00e7\u00e3o do Estado e promulgada pela Assembl\u00e9ia Legislativa em 1\u00ba de mar\u00e7o de 1963. Sua sede atualmente est\u00e1 situada \u00e0 rua Benjamin Constant, n\u00b0 830, centro \u2013 cep: 69.908-520.<\/p>\n\n\n\n<p>Na organiza\u00e7\u00e3o do governo proposta pela constitui\u00e7\u00e3o, ficou estabelecida a cria\u00e7\u00e3o da Secretaria de Sa\u00fade e Assist\u00eancia Social do Estado do Acre. O artigo tratava da sa\u00fade estabelecendo que: \u201cAo Estado cabe zelar pela sa\u00fade e bem estar da popula\u00e7\u00e3o, prestando assist\u00eancia \u00e0 maternidade, \u00e0 inf\u00e2ncia e para os que n\u00e3o dispuserem de recursos \u00e0 assist\u00eancia m\u00e9dico-hospitalar gratuita\u201d.<\/p>\n\n\n\n<p>Em 13 de janeiro de 1999, por meio da Lei Complementar n\u00b063 determina no seu art.5, al\u00ednea b, que a Secretaria de Sa\u00fade e Assist\u00eancia Social do Estado do Acre seja nomeada Secretaria de Estado de Sa\u00fade e Saneamento. J\u00e1 em 2002, em 31 de dezembro, por meio de uma nova Lei Complementar n\u00b0115, art.76, transforma a Secretaria de Estado de Sa\u00fade e Saneamento na atual Secretaria de Estado de Sa\u00fade.<\/p>\n\n\n\n<p>Hoje, conta com um grande n\u00famero de profissionais especializados na \u00e1rea de Sa\u00fade. De acordo com o Sistema de Informa\u00e7\u00e3o Ambulatorial do Sistema \u00danico de Sa\u00fade \u2013 SIA\/SUS, compet\u00eancia junho de 2009,\u00a0<strong>s\u00e3o 74 unidades<\/strong>, entre centros, postos e hospitais,<strong>\u00a0distribu\u00eddos nos 22 munic\u00edpios do Estado<\/strong>, que prestam assist\u00eancia aos cidad\u00e3os garantindo o direito \u00e0 Sa\u00fade conforme est\u00e1 estabelecido no artigo 196 da Constitui\u00e7\u00e3o de 1988.<\/p>\n\n\n\n<p>A Sa\u00fade \u00e9 direito de todos e dever do Estado, garantido mediante pol\u00edticas sociais e econ\u00f4micas que visem \u00e0 redu\u00e7\u00e3o do risco de doen\u00e7a e de outros agravos e ao acesso universal igualit\u00e1rio \u00e0s a\u00e7\u00f5es e servi\u00e7os para sua promo\u00e7\u00e3o, prote\u00e7\u00e3o e recupera\u00e7\u00e3o (BRASIL, 1998).<\/p>","protected":false},"excerpt":{"rendered":"<p>Boas not\u00edcias, concurseiros! O edital publicado do concurso Sesacre (Secretaria de Estado de Sa\u00fade do Estado do Acre), trouxe novidades nesta segunda-feira, 15 de agosto.<\/p>\n<p>A retifica\u00e7\u00e3o do edital, ampliou o quantitativo de vagas de 622 para 669 oportunidades,\u00a0distribuida entre cargos de n\u00edveis m\u00e9dio e superior.<\/p>\n<p>Al\u00e9m disso, as inscri\u00e7\u00f5es que se encerraram em julho, foram reabertas e ganharam novo prazo at\u00e9 12 de setembro.<\/p>\n<p>Com as altera\u00e7\u00f5es, as provas objetivas tamb\u00e9m tiveram nova data, 16 de outubro.\u00a0<\/p>\n<p>Portanto, se voc\u00ea se interessa pelo concurso, confira mais detalhes a seguir!<\/p>\n","protected":false},"author":16,"featured_media":163055,"comment_status":"closed","ping_status":"closed","sticky":false,"template":"","format":"standard","meta":{"_acf_changed":false,"footnotes":"","_wp_rev_ctl_limit":""},"categories":[44999],"tags":[],"class_list":["post-98643","post","type-post","status-publish","format-standard","has-post-thumbnail","hentry","category-concursos"],"acf":[],"_links":{"self":[{"href":"https:\/\/www.novaconcursos.com.br\/portal\/wp-json\/wp\/v2\/posts\/98643","targetHints":{"allow":["GET"]}}],"collection":[{"href":"https:\/\/www.novaconcursos.com.br\/portal\/wp-json\/wp\/v2\/posts"}],"about":[{"href":"https:\/\/www.novaconcursos.com.br\/portal\/wp-json\/wp\/v2\/types\/post"}],"author":[{"embeddable":true,"href":"https:\/\/www.novaconcursos.com.br\/portal\/wp-json\/wp\/v2\/users\/16"}],"replies":[{"embeddable":true,"href":"https:\/\/www.novaconcursos.com.br\/portal\/wp-json\/wp\/v2\/comments?post=98643"}],"version-history":[{"count":15,"href":"https:\/\/www.novaconcursos.com.br\/portal\/wp-json\/wp\/v2\/posts\/98643\/revisions"}],"predecessor-version":[{"id":260352,"href":"https:\/\/www.novaconcursos.com.br\/portal\/wp-json\/wp\/v2\/posts\/98643\/revisions\/260352"}],"wp:featuredmedia":[{"embeddable":true,"href":"https:\/\/www.novaconcursos.com.br\/portal\/wp-json\/wp\/v2\/media\/163055"}],"wp:attachment":[{"href":"https:\/\/www.novaconcursos.com.br\/portal\/wp-json\/wp\/v2\/media?parent=98643"}],"wp:term":[{"taxonomy":"category","embeddable":true,"href":"https:\/\/www.novaconcursos.com.br\/portal\/wp-json\/wp\/v2\/categories?post=98643"},{"taxonomy":"post_tag","embeddable":true,"href":"https:\/\/www.novaconcursos.com.br\/portal\/wp-json\/wp\/v2\/tags?post=98643"}],"curies":[{"name":"wp","href":"https:\/\/api.w.org\/{rel}","templated":true}]}}