{"id":98665,"date":"2021-09-29T08:00:25","date_gmt":"2021-09-29T11:00:25","guid":{"rendered":"https:\/\/www.novaconcursos.com.br\/portal\/?post_type=nc-public-tender&#038;p=98665"},"modified":"2024-12-16T09:58:30","modified_gmt":"2024-12-16T12:58:30","slug":"concurso-semad-pa","status":"publish","type":"post","link":"https:\/\/www.novaconcursos.com.br\/portal\/concursos\/concurso-semad-pa\/","title":{"rendered":"Concurso Semad PA: Edital com 478 vagas \u00e9 republicado!"},"content":{"rendered":"<p>Novo concurso <strong>SEMAD PA (Secretaria Municipal de Administra\u00e7\u00e3o do Par\u00e1)<\/strong> \u00e9 <strong>retomado<\/strong> e conta com a oferta de <strong>478 vagas<\/strong> para cargos de n\u00edveis fundamental, m\u00e9dio e superior.<\/p>\n<p>Lembrando que, <strong>a sele\u00e7\u00e3o foi publicada em 2020<\/strong> e suspensa por devido a pandemia de COVID-19.<\/p>\n<ul><li><a class=\"_ps2id\" href=\"#inscri%C3%A7%C3%A3o\" data-ps2id-offset=\"\">Inscri\u00e7\u00e3o e isen\u00e7\u00e3o da taxa<\/a><\/li>\n<li><a class=\"_ps2id\" href=\"#carreira\" data-ps2id-offset=\"\">Carreira<\/a>\n<ul><li><a class=\"_ps2id\" href=\"#cargos\" data-ps2id-offset=\"\">Cargos, vagas e remunera\u00e7\u00e3o<\/a><\/li>\n<li><a class=\"_ps2id\" href=\"#requisitos\" data-ps2id-offset=\"\">Requisitos b\u00e1sicos\u00a0<\/a><\/li>\n<\/ul><\/li>\n<li><a class=\"_ps2id\" href=\"#provas\" data-ps2id-offset=\"\">Como ser\u00e3o as provas<\/a>\n<ul><li><a class=\"_ps2id\" href=\"#objetiva\" data-ps2id-offset=\"\">Prova Objetiva\u00a0<\/a><\/li>\n<li><a class=\"_ps2id\" href=\"#discursiva\" data-ps2id-offset=\"\">Prova Discursiva\u00a0<\/a><\/li>\n<li><a class=\"_ps2id\" href=\"#t%C3%ADtulos\" data-ps2id-offset=\"\">Avalia\u00e7\u00e3o de T\u00edtulos\u00a0<\/a><\/li>\n<\/ul><\/li>\n<\/ul><h2 id=\"\"><\/h2>\n<h2 id=\"ps2id-idinscrio-targetcomo-fazer-a-inscrio-do-concurso-semad\">[ps2id id=\u2019inscri\u00e7\u00e3o\u2019 target=\u201d\/]Como fazer a inscri\u00e7\u00e3o do concurso Semad PA?<\/h2>\n<p>As inscri\u00e7\u00f5es do concurso Semad PA estar\u00e3o abertas at\u00e9 o\u00a0<strong>dia 8 de novembro\u00a0<\/strong>deste ano e podem ser feitas pelo site da banca organizadora, o\u00a0<a href=\"http:\/\/www.aocp.com.br\/concurso.jsp?id=353\" target=\"_blank\" rel=\"noreferrer noopener\" aria-label=\"AOCP Concursos P\u00fablicos (abre numa nova aba)\">AOCP Concursos P\u00fablicos<\/a>\u00a0.<\/p>\n<p>Aos\u00a0<strong>candidatos que j\u00e1 haviam realizado as inscri\u00e7\u00f5es<\/strong>\u00a0anteriormente, fiquem tranquilos! Todas as participa\u00e7\u00f5es no certame est\u00e3o garantidas.<\/p>\n<p>Al\u00e9m disso, o per\u00edodo para requisitar a\u00a0<strong>isen\u00e7\u00e3o de taxa<\/strong>\u00a0tamb\u00e9m est\u00e1 correndo e ser\u00e1 v\u00e1lido tanto para os candidatos que se inscreveram em 2020, quanto para os candidatos que se inscrever\u00e3o agora.<\/p>\n<p>As\u00a0<strong>taxas<\/strong>, para quem n\u00e3o requisitar ou n\u00e3o conseguir a isen\u00e7\u00e3o, v\u00e3o variar de\u00a0<strong>R$ 40,00 a R$ 80,00.<\/strong><\/p>\n<h2 id=\"ps2id-idcarreira-targetconcurso-semad-pa-carreira\">[ps2id id=\u2019carreira\u2019 target=\u201d\/]Concurso Semad PA: carreira<\/h2>\n<h3>[ps2id id=\u2019cargos\u2019 target=\u201d\/]Cargos, vagas e remunera\u00e7\u00e3o<\/h3>\n<p>O certame oferta <strong>478 vagas<\/strong> de car\u00e1ter imediato, distribu\u00eddas para a ampla concorr\u00eancia e candidatos portadores de defici\u00eancia, para os n\u00edveis fundamental, m\u00e9dio e superior. As<strong> oportunidades<\/strong> s\u00e3o para as seguintes carreiras:<\/p>\n<p>\u2666 <strong>N\u00edvel Fundamental<\/strong>: Auxiliar de Administra\u00e7\u00e3o (19);<\/p>\n<p>\u2666 <strong>N\u00edvel M\u00e9dio<\/strong>: Assistente de Administra\u00e7\u00e3o (387);<\/p>\n<p>\u2666 <strong>N\u00edvel Superior<\/strong>: Administrador (5), Arquiteto (4), Assistente Social (41), Contador (2), Engenheiro Civil (7), Estat\u00edstico (4), Jornalista (2), M\u00e9dico Veterin\u00e1rio (7).<\/p>\n<p>Os sal\u00e1rios variam de <strong>R$ 1.045,00 a R$ 1.655,74<\/strong>, com jornadas de trabalho de <strong>20 e 30<\/strong> horas semanais.<\/p>\n<h3>[ps2id id=\u2019requisitos\u2019 target=\u201d\/]Requisitos dos cargos<\/h3>\n<p><strong>Auxiliar de Administra\u00e7\u00e3o:<\/strong>\u00a0No\u00e7\u00f5es de inform\u00e1tica; documentos de identifica\u00e7\u00e3o expedidos por \u00f3rg\u00e3os p\u00fablicos e; certificado de conclus\u00e3o do Ensino Fundamental.<\/p>\n<p><strong>Assistente de Administra\u00e7\u00e3o:<\/strong>\u00a0Conhecimento b\u00e1sico de inform\u00e1tica, sistemas operacionais, softwares e aplicativos; documentos de identifica\u00e7\u00e3o expedidos por \u00f3rg\u00e3os p\u00fablicos e; certificado de conclus\u00e3o do Ensino M\u00e9dio.<\/p>\n<p><strong>Administrador:\u00a0<\/strong>Curso de Bacharel em Administra\u00e7\u00e3o, comprovado atrav\u00e9s de diploma de conclus\u00e3o, expedido por institui\u00e7\u00e3o de ensino superior; registro e inscri\u00e7\u00e3o em \u00f3rg\u00e3o de classe e; documentos de identifica\u00e7\u00e3o expedidos por \u00f3rg\u00e3os p\u00fablicos.<\/p>\n<p><strong>Arquiteto:\u00a0<\/strong>Curso de gradua\u00e7\u00e3o em Arquitetura e Urbanismo, comprovado atrav\u00e9s de diploma de conclus\u00e3o; registro e inscri\u00e7\u00e3o em \u00f3rg\u00e3o de classe e; documentos de identifica\u00e7\u00e3o expedidos por \u00f3rg\u00e3os p\u00fablicos.<\/p>\n<p><strong>Assistente Social:<\/strong>\u00a0Curso de gradua\u00e7\u00e3o em Servi\u00e7o Social, comprovado atrav\u00e9s de diploma de conclus\u00e3o; registro e inscri\u00e7\u00e3o em \u00f3rg\u00e3o de classe e; documentos de identifica\u00e7\u00e3o expedidos por \u00f3rg\u00e3os p\u00fablicos.<\/p>\n<p><strong>Contador:<\/strong>\u00a0Curso de Bacharel em Ci\u00eancias Cont\u00e1beis, comprovado atrav\u00e9s de diploma de conclus\u00e3o; registro e inscri\u00e7\u00e3o em \u00f3rg\u00e3o de classe e; documentos de identifica\u00e7\u00e3o expedidos por \u00f3rg\u00e3os p\u00fablicos.<\/p>\n<p><strong>Engenheiro Civil:\u00a0<\/strong>Curso de gradua\u00e7\u00e3o em Engenharia Civil, comprovado atrav\u00e9s de diploma de conclus\u00e3o; registro e inscri\u00e7\u00e3o em \u00f3rg\u00e3o de classe e; documentos de identifica\u00e7\u00e3o expedidos por \u00f3rg\u00e3os p\u00fablicos.<\/p>\n<p><strong>Estat\u00edstico:\u00a0<\/strong>Curso Superior de Bacharel em Estat\u00edstica, comprovado atrav\u00e9s de diploma ou certificado de conclus\u00e3o; registro e inscri\u00e7\u00e3o em \u00f3rg\u00e3o de classe e; documentos de identifica\u00e7\u00e3o expedidos por \u00f3rg\u00e3os p\u00fablicos.<\/p>\n<p><strong>Jornalista:<\/strong>\u00a0Curso de gradua\u00e7\u00e3o em Comunica\u00e7\u00e3o Social com habilita\u00e7\u00e3o em Jornalismo, comprovado atrav\u00e9s de diploma de conclus\u00e3o; registro profissional de jornalista no Minist\u00e9rio do Trabalho e; documentos de identifica\u00e7\u00e3o expedidos por \u00f3rg\u00e3os p\u00fablicos.<\/p>\n<p><strong>M\u00e9dico Veterin\u00e1rio:<\/strong>\u00a0Curso de Medicina Veterin\u00e1ria, comprovado atrav\u00e9s de diploma de conclus\u00e3o, expedido por institui\u00e7\u00e3o de ensino superior; registro e inscri\u00e7\u00e3o em \u00f3rg\u00e3o de classe e; documentos de identifica\u00e7\u00e3o expedidos por \u00f3rg\u00e3os p\u00fablicos.<\/p>\n<h2 id=\"ps2id-idprovas-targetcomo-sero-as-provas-do-concurso-semad-p\">[ps2id id=\u2019provas\u2019 target=\u201d\/]Como ser\u00e3o as provas do concurso SEMAD PA?<\/h2>\n<p>A <strong>avalia\u00e7\u00e3o<\/strong> dos candidatos ser\u00e1 por meio de <strong>prova objetiva<\/strong> (para todos os cargos), aplicada na data prevista de <b>23 de janeiro de 2022<\/b>, na cidade de Bel\u00e9m\/PA, com dura\u00e7\u00e3o de <strong>4 horas<\/strong>.<\/p>\n<p>Os <strong>locais e hor\u00e1rios<\/strong> da prova ser\u00e3o informados no site da banca organizadora, AOCP, a partir do dia <b>12 de janeiro de 2022.<\/b><\/p>\n<p>Haver\u00e1 ainda uma<strong> prova discursiva e uma prova de t\u00edtulos<\/strong> para os cargos de n\u00edvel superior.<\/p>\n<h3>[ps2id id=\u2019objetiva\u2019 target=\u201d\/]Prova Objetiva<\/h3>\n<p>A avalia\u00e7\u00e3o contar\u00e1 com 50 quest\u00f5es distribu\u00eddas por \u00e1reas de conhecimento. Cada quest\u00e3o da prova objetiva ter\u00e1 5 (cinco) alternativas, sendo que cada quest\u00e3o ter\u00e1 apenas 1 (uma) alternativa correta.<\/p>\n<p>Ser\u00e1 atribu\u00edda pontua\u00e7\u00e3o 0 (zero) \u00e0s quest\u00f5es com mais de uma op\u00e7\u00e3o assinalada, quest\u00f5es sem op\u00e7\u00e3o assinalada, com rasuras ou preenchidas a l\u00e1pis.<\/p>\n<p>O candidato para ser <strong>aprovado na prova objetiva<\/strong> dever\u00e1, al\u00e9m de n\u00e3o ser eliminado por outros crit\u00e9rios estabelecidos no edital:<\/p>\n<p>\u2022 Obter no m\u00ednimo 50% (cinquenta por cento) da pontua\u00e7\u00e3o m\u00e1xima poss\u00edvel para os cadernos de Conhecimentos Gerais, que engloba os cadernos de L\u00edngua Portuguesa, Atualidades, Legisla\u00e7\u00e3o e No\u00e7\u00f5es de Inform\u00e1tica;<\/p>\n<p>\u2022 Obter no m\u00ednimo 50% (cinquenta por cento) da pontua\u00e7\u00e3o m\u00e1xima poss\u00edvel para o caderno de Conhecimentos Espec\u00edficos.<\/p>\n<p>O <strong>conte\u00fado program\u00e1tico<\/strong> da prova ir\u00e1 constar as seguintes disciplinas:<\/p>\n<h4>N\u00edveis Fundamental e M\u00e9dio<\/h4>\n<p>\u2013 L\u00edngua Portuguesa: 10 quest\u00f5es;<br>\n\u2013 Atualidades: 05 quest\u00f5es;<br>\n\u2013 Legisla\u00e7\u00e3o: 05 quest\u00f5es;<br>\n\u2013 No\u00e7\u00f5es de Inform\u00e1tica: 05 quest\u00f5es;<br>\n\u2013 Conhecimentos Espec\u00edficos: 25 quest\u00f5es.<\/p>\n<h4>N\u00edvel Superior<\/h4>\n<p>\u2013 L\u00edngua Portuguesa: 10 quest\u00f5es;<br>\n\u2013 Atualidades: 05 quest\u00f5es;<br>\n\u2013 Legisla\u00e7\u00e3o: 05 quest\u00f5es;<br>\n\u2013 No\u00e7\u00f5es de Inform\u00e1tica: 05 quest\u00f5es;<br>\n\u2013 Conhecimentos Espec\u00edficos: 25 quest\u00f5es.<\/p>\n<h3 id=\"discursiva\">[ps2id id=\u2019discursiva\u2019 target=\u201d\/]Prova Discursiva<\/h3>\n<p>A prova discursiva ser\u00e1 composta por 1 (uma) quest\u00e3o de Conhecimentos Espec\u00edficos e avaliada considerando-se os aspectos presentes na tabela abaixo:<\/p>\n<p><a href=\"https:\/\/www.novaconcursos.com.br\/portal\/wp-content\/uploads\/2020\/02\/concurso-Semad-PA-prova.png\"><img decoding=\"async\" class=\"alignnone wp-image-144290\" src=\"https:\/\/www.novaconcursos.com.br\/portal\/wp-content\/uploads\/2020\/02\/concurso-Semad-PA-prova.png\" alt=\"\" width=\"694\" height=\"158\" loading=\"lazy\" title=\"\" srcset=\"https:\/\/www.novaconcursos.com.br\/portal\/wp-content\/uploads\/2020\/02\/concurso-Semad-PA-prova-300x68.png 300w, https:\/\/www.novaconcursos.com.br\/portal\/wp-content\/uploads\/2020\/02\/concurso-Semad-PA-prova-1024x233.png 1024w, https:\/\/www.novaconcursos.com.br\/portal\/wp-content\/uploads\/2020\/02\/concurso-Semad-PA-prova.png 1084w\" sizes=\"auto, (max-width: 480px) 100vw, (max-width: 768px) 100vw, (max-width: 1200px) 70vw, 768px\"><\/a><\/p>\n<p><a href=\"https:\/\/www.novaconcursos.com.br\/portal\/wp-content\/uploads\/2020\/02\/concurso-Semad-PA-prova-2.png\"><img decoding=\"async\" class=\"alignnone wp-image-144291\" src=\"https:\/\/www.novaconcursos.com.br\/portal\/wp-content\/uploads\/2020\/02\/concurso-Semad-PA-prova-2.png\" alt=\"\" width=\"698\" height=\"111\" loading=\"lazy\" title=\"\" srcset=\"https:\/\/www.novaconcursos.com.br\/portal\/wp-content\/uploads\/2020\/02\/concurso-Semad-PA-prova-2-300x48.png 300w, https:\/\/www.novaconcursos.com.br\/portal\/wp-content\/uploads\/2020\/02\/concurso-Semad-PA-prova-2-1024x164.png 1024w, https:\/\/www.novaconcursos.com.br\/portal\/wp-content\/uploads\/2020\/02\/concurso-Semad-PA-prova-2.png 1083w\" sizes=\"auto, (max-width: 480px) 100vw, (max-width: 768px) 100vw, (max-width: 1200px) 70vw, 768px\"><\/a><\/p>\n<h3 id=\"titulos\">[ps2id id=\u2019t\u00edtulos\u2019 target=\u201d\/]Avalia\u00e7\u00e3o de T\u00edtulos<\/h3>\n<p>A documenta\u00e7\u00e3o comprobat\u00f3ria dos t\u00edtulos ser\u00e1 recebida no mesmo dia da realiza\u00e7\u00e3o da prova objetiva. Ap\u00f3s esse per\u00edodo de entrega da documenta\u00e7\u00e3o n\u00e3o ser\u00e1 permitida a complementa\u00e7\u00e3o de qualquer documento, nem mesmo atrav\u00e9s de pedido de revis\u00e3o e\/ou recurso.<\/p>\n<p><a href=\"https:\/\/www.novaconcursos.com.br\/portal\/wp-content\/uploads\/2020\/02\/concurso-Semad-PA-prova-t%C3%ADtulos.png\"><img decoding=\"async\" class=\"alignnone wp-image-144292\" src=\"https:\/\/www.novaconcursos.com.br\/portal\/wp-content\/uploads\/2020\/02\/concurso-Semad-PA-prova-t%C3%ADtulos.png\" alt=\"\" width=\"701\" height=\"225\" loading=\"lazy\" title=\"\" srcset=\"https:\/\/www.novaconcursos.com.br\/portal\/wp-content\/uploads\/2020\/02\/concurso-Semad-PA-prova-t\u00edtulos-300x96.png 300w, https:\/\/www.novaconcursos.com.br\/portal\/wp-content\/uploads\/2020\/02\/concurso-Semad-PA-prova-t\u00edtulos-1024x328.png 1024w, https:\/\/www.novaconcursos.com.br\/portal\/wp-content\/uploads\/2020\/02\/concurso-Semad-PA-prova-t\u00edtulos.png 1088w\" sizes=\"auto, (max-width: 480px) 100vw, (max-width: 768px) 100vw, (max-width: 1200px) 70vw, 768px\"><\/a><\/p>\n<p>O concurso p\u00fablico destina-se ao provimento de vagas existentes, sob o regime estatut\u00e1rio, no quadro de servidores da Secretaria Municipal De Administra\u00e7\u00e3o \u2013 SEMAD, <strong>tem prazo de validade de 2 (dois) anos<\/strong> a contar da data de homologa\u00e7\u00e3o do certame, podendo ser prorrogado por igual per\u00edodo a crit\u00e9rio da Secretaria Municipal De Administra\u00e7\u00e3o \u2013 SEMAD.<\/p>","protected":false},"excerpt":{"rendered":"<p>Novo concurso SEMAD PA (Secretaria Municipal de Administra\u00e7\u00e3o do Par\u00e1) \u00e9 retomado e conta com a oferta de 478 vagas para cargos de n\u00edveis fundamental, m\u00e9dio e superior.<\/p>\n<p>Lembrando que, a sele\u00e7\u00e3o foi publicada em 2020 e suspensa por devido a pandemia de COVID-19.\u00a0<\/p>\n","protected":false},"author":16,"featured_media":144286,"comment_status":"closed","ping_status":"closed","sticky":false,"template":"","format":"standard","meta":{"_acf_changed":false,"footnotes":"","_wp_rev_ctl_limit":""},"categories":[44999],"tags":[],"class_list":["post-98665","post","type-post","status-publish","format-standard","has-post-thumbnail","hentry","category-concursos"],"acf":[],"_links":{"self":[{"href":"https:\/\/www.novaconcursos.com.br\/portal\/wp-json\/wp\/v2\/posts\/98665","targetHints":{"allow":["GET"]}}],"collection":[{"href":"https:\/\/www.novaconcursos.com.br\/portal\/wp-json\/wp\/v2\/posts"}],"about":[{"href":"https:\/\/www.novaconcursos.com.br\/portal\/wp-json\/wp\/v2\/types\/post"}],"author":[{"embeddable":true,"href":"https:\/\/www.novaconcursos.com.br\/portal\/wp-json\/wp\/v2\/users\/16"}],"replies":[{"embeddable":true,"href":"https:\/\/www.novaconcursos.com.br\/portal\/wp-json\/wp\/v2\/comments?post=98665"}],"version-history":[{"count":6,"href":"https:\/\/www.novaconcursos.com.br\/portal\/wp-json\/wp\/v2\/posts\/98665\/revisions"}],"predecessor-version":[{"id":144294,"href":"https:\/\/www.novaconcursos.com.br\/portal\/wp-json\/wp\/v2\/posts\/98665\/revisions\/144294"}],"wp:featuredmedia":[{"embeddable":true,"href":"https:\/\/www.novaconcursos.com.br\/portal\/wp-json\/wp\/v2\/media\/144286"}],"wp:attachment":[{"href":"https:\/\/www.novaconcursos.com.br\/portal\/wp-json\/wp\/v2\/media?parent=98665"}],"wp:term":[{"taxonomy":"category","embeddable":true,"href":"https:\/\/www.novaconcursos.com.br\/portal\/wp-json\/wp\/v2\/categories?post=98665"},{"taxonomy":"post_tag","embeddable":true,"href":"https:\/\/www.novaconcursos.com.br\/portal\/wp-json\/wp\/v2\/tags?post=98665"}],"curies":[{"name":"wp","href":"https:\/\/api.w.org\/{rel}","templated":true}]}}