{"id":98701,"date":"2020-02-28T11:26:12","date_gmt":"2020-02-28T14:26:12","guid":{"rendered":"https:\/\/www.novaconcursos.com.br\/portal\/?p=98701"},"modified":"2025-12-08T12:27:09","modified_gmt":"2025-12-08T15:27:09","slug":"concurso-inss-resposta-na-concessao-de-beneficios-e-a-maior-em-cinco-anos","status":"publish","type":"post","link":"https:\/\/www.novaconcursos.com.br\/portal\/noticias\/concurso-inss-resposta-na-concessao-de-beneficios-e-a-maior-em-cinco-anos\/","title":{"rendered":"Concurso INSS: Resposta na concess\u00e3o de benef\u00edcios \u00e9 a maior em cinco anos!"},"content":{"rendered":"<p><\/p><p>Mediante a falta do <a href=\"https:\/\/www.novaconcursos.com.br\/portal\/concursos\/concurso-inss\/\">concurso INSS<\/a> (Instituto Nacional do Seguro Social), a popula\u00e7\u00e3o vem sofrendo pela <strong>demora na concess\u00e3o de benef\u00edcios<\/strong>, <strong>sendo a maior em cinco anos<\/strong>.<\/p>\n\n\n\n<h2 class=\"wp-block-heading\" id=\"demora-na-concesso-de-benefcios-do-inss\">Demora na concess\u00e3o de benef\u00edcios do INSS<\/h2>\n\n\n\n<p>No ano de 2019, o cidad\u00e3o brasileiro esperou, em m\u00e9dia, <strong>74 dias para ter uma resposta aos pedidos de benef\u00edcios do INSS<\/strong>. Mesmo com a redu\u00e7\u00e3o, \u00e9 a fila mais demorada dos \u00faltimos cinco anos.<\/p>\n\n\n\n<p>No m\u00eas de <strong>julho<\/strong> do ano passado, o prazo chegou a ser de <strong>89 dias<\/strong>, depois caiu para <strong>75 dias<\/strong>, no m\u00eas de <strong>dezembro de 2019<\/strong>.<\/p>\n\n\n\n<p><strong>Os mais prejudicados pela demora s\u00e3o os deficientes f\u00edsicos, que precisam do Benef\u00edcio de Presta\u00e7\u00e3o Continuada, o BPC<\/strong>. S\u00f3 em janeiro deste ano, <strong>475.000 pedidos<\/strong> estavam na fila. Atualmente, o tempo m\u00e9dio de espera \u00e9 de <strong>251 dias<\/strong>, muito acima dos <strong>45 dias<\/strong> que a lei estabelece para concess\u00e3o de benef\u00edcios.<\/p>\n\n\n\n<p>A MP (Medida Provis\u00f3ria) que autoriza a contrata\u00e7\u00e3o de servidores p\u00fablicos civis aposentados para ajudar a reduzir a fila de benef\u00edcios do INSS, ser\u00e1 divulgada posteriormente. <strong>O texto j\u00e1 foi finalizado, e ir\u00e1 alterar tamb\u00e9m a forma de contrata\u00e7\u00e3o de tempor\u00e1rios<\/strong>.<\/p>\n\n\n\n<p>Atrav\u00e9s do novo texto, <strong>os servidores aposentados e inativos poder\u00e3o atuar em qualquer \u00f3rg\u00e3o<\/strong>, n\u00e3o apenas no INSS, desde que o objetivo para a contrata\u00e7\u00e3o seja atender as necessidades emergenciais.<\/p>\n\n\n<div class=\"wp-block-image\">\n<figure class=\"aligncenter is-resized\"><img decoding=\"async\" width=\"1024\" height=\"682\" src=\"https:\/\/www.novaconcursos.com.br\/portal\/wp-content\/uploads\/2019\/10\/INSS-1024x682.jpg\" alt=\"\" class=\"wp-image-92649\" style=\"width:796px;height:528px\" loading=\"lazy\" title=\"\" srcset=\"https:\/\/www.novaconcursos.com.br\/portal\/wp-content\/uploads\/2019\/10\/INSS-300x200.jpg 300w, https:\/\/www.novaconcursos.com.br\/portal\/wp-content\/uploads\/2019\/10\/INSS-1024x682.jpg 1024w, https:\/\/www.novaconcursos.com.br\/portal\/wp-content\/uploads\/2019\/10\/INSS.jpg 1920w\" sizes=\"auto, (max-width: 480px) 100vw, (max-width: 768px) 100vw, (max-width: 1200px) 70vw, 768px\"><\/figure><\/div>\n\n\n<p><strong>A Medida Provis\u00f3ria vai alterar a Lei 8.745\/1993, que trata da contrata\u00e7\u00e3o tempor\u00e1ria no servi\u00e7o p\u00fablico<\/strong>, que s\u00f3 poderia ser realizada para atender necessidades excepcionais, como calamidade, danos ambientais, emerg\u00eancia em sa\u00fade p\u00fablica, entre outros.<\/p>\n\n\n\n<p>Ser\u00e3o consideradas tamb\u00e9m como <strong>necessidades emergenciais:<\/strong><\/p>\n\n\n\n<ul class=\"wp-block-list\"><li>Aumento do volume de trabalho;<\/li>\n<\/ul><ul class=\"wp-block-list\"><li>Ac\u00famulo de processos;<\/li>\n<\/ul><ul class=\"wp-block-list\"><li>Instala\u00e7\u00e3o e revis\u00e3o de sistema de tecnologia;<\/li>\n<\/ul><ul class=\"wp-block-list\"><li>Implanta\u00e7\u00e3o de novos \u00f3rg\u00e3os p\u00fablicos.<\/li>\n<\/ul><p>Ap\u00f3s a MP, ser\u00e1 preciso divulgar um edital de chamamento p\u00fablico para convoca\u00e7\u00e3o dos servidores que ir\u00e3o atuar no Instituto Nacional do Seguro Social. Atualmente, <strong>o \u00f3rg\u00e3o conta com quase 2 milh\u00f5es de pedidos de benef\u00edcios em fila de espera<\/strong>.<\/p>\n\n\n\n<p>Informa\u00e7\u00f5es sobre os crit\u00e9rios de classifica\u00e7\u00e3o, atividades a serem desempenhadas, remunera\u00e7\u00e3o e rescis\u00e3o dever\u00e3o ser divulgadas junto com o edital. <strong>N\u00e3o ser\u00e1 permitida a contrata\u00e7\u00e3o de pessoas com mais de 75 ano e nem aposentados por invalidez<\/strong>.<\/p>\n\n\n\n<p>Os contratos tempor\u00e1rios poder\u00e3o ter dura\u00e7\u00e3o de seis meses, um ano, dois anos, quatro anos, podendo chegar no m\u00e1ximo a oito anos, dependendo da necessidade a ser atendida. <strong>No caso do INSS, por se tratar de ac\u00famulo de processos e quest\u00f5es administrativas, o prazo ser\u00e1 de at\u00e9 dois anos<\/strong>.<\/p>\n\n\n\n<p>Mediante a mudan\u00e7a, \u00f3rg\u00e3os como <strong>Receita Federal e IBAMA<\/strong>, que sofrem com a vac\u00e2ncia de pessoal, ir\u00e3o poder contratar servidores tempor\u00e1rios sem a necessidade de concurso p\u00fablico, <strong>apenas com processo seletivo simplificado<\/strong>.<\/p>\n\n\n\n<h2 class=\"wp-block-heading\" id=\"concurso-inss-aguarda-autorizao-do-governo\">Concurso INSS aguarda autoriza\u00e7\u00e3o do Governo<\/h2>\n\n\n\n<p>Para realizar o concurso INSS e acabar com o problema da falta de servidores, <strong>o \u00f3rg\u00e3o precisa primeiro de uma autoriza\u00e7\u00e3o do Governo Federal, por meio do Minist\u00e9rio da Economia<\/strong>. Todavia, o pedido para provimento de vagas feito no ano de 2018 ainda n\u00e3o foi deferido.<\/p>\n\n\n\n<p>O instituto j\u00e1 havia solicitado a autoriza\u00e7\u00e3o para a abertura de mais de <strong>7.000 vagas em cargos de T\u00e9cnico e Analista<\/strong>, de n\u00edveis m\u00e9dio e superior, respectivamente, al\u00e9m de M\u00e9dicos Peritos.<\/p>\n\n\n\n<p>Em 2020, o Minist\u00e9rio P\u00fablico Federal tamb\u00e9m interferiu na situa\u00e7\u00e3o, emitindo uma recomenda\u00e7\u00e3o para que fosse concedida a autoriza\u00e7\u00e3o e que <strong>o concurso INSS fosse aberto ainda no ano passado com n\u00famero de vagas suficiente para sanar todo o d\u00e9ficit<\/strong>.<\/p>\n\n\n\n<p>No entanto, o pedido n\u00e3o foi acatado pelo Minist\u00e9rio da Economia, sob a alega\u00e7\u00e3o de que a situa\u00e7\u00e3o fiscal do pa\u00eds n\u00e3o ir\u00e1 permitir a realiza\u00e7\u00e3o do certame. Com isso, <strong>o MPF ingressou com uma A\u00e7\u00e3o Civil P\u00fablica na Justi\u00e7a, que ainda est\u00e1 tramitando<\/strong>.<\/p>","protected":false},"excerpt":{"rendered":"<p>Mediante a falta do concurso INSS (Instituto Nacional do Seguro Social), a popula\u00e7\u00e3o vem sofrendo pela demora na concess\u00e3o de benef\u00edcios, sendo a maior em cinco anos. Demora na concess\u00e3o de benef\u00edcios do INSS No ano de 2019, o cidad\u00e3o brasileiro esperou, em m\u00e9dia, 74 dias para ter uma resposta aos pedidos de benef\u00edcios do [&hellip;]<\/p>\n","protected":false},"author":16,"featured_media":83743,"comment_status":"closed","ping_status":"closed","sticky":false,"template":"","format":"standard","meta":{"_acf_changed":false,"footnotes":"","_wp_rev_ctl_limit":""},"categories":[228],"tags":[],"class_list":["post-98701","post","type-post","status-publish","format-standard","has-post-thumbnail","hentry","category-noticias"],"acf":[],"_links":{"self":[{"href":"https:\/\/www.novaconcursos.com.br\/portal\/wp-json\/wp\/v2\/posts\/98701","targetHints":{"allow":["GET"]}}],"collection":[{"href":"https:\/\/www.novaconcursos.com.br\/portal\/wp-json\/wp\/v2\/posts"}],"about":[{"href":"https:\/\/www.novaconcursos.com.br\/portal\/wp-json\/wp\/v2\/types\/post"}],"author":[{"embeddable":true,"href":"https:\/\/www.novaconcursos.com.br\/portal\/wp-json\/wp\/v2\/users\/16"}],"replies":[{"embeddable":true,"href":"https:\/\/www.novaconcursos.com.br\/portal\/wp-json\/wp\/v2\/comments?post=98701"}],"version-history":[{"count":2,"href":"https:\/\/www.novaconcursos.com.br\/portal\/wp-json\/wp\/v2\/posts\/98701\/revisions"}],"predecessor-version":[{"id":299253,"href":"https:\/\/www.novaconcursos.com.br\/portal\/wp-json\/wp\/v2\/posts\/98701\/revisions\/299253"}],"wp:featuredmedia":[{"embeddable":true,"href":"https:\/\/www.novaconcursos.com.br\/portal\/wp-json\/wp\/v2\/media\/83743"}],"wp:attachment":[{"href":"https:\/\/www.novaconcursos.com.br\/portal\/wp-json\/wp\/v2\/media?parent=98701"}],"wp:term":[{"taxonomy":"category","embeddable":true,"href":"https:\/\/www.novaconcursos.com.br\/portal\/wp-json\/wp\/v2\/categories?post=98701"},{"taxonomy":"post_tag","embeddable":true,"href":"https:\/\/www.novaconcursos.com.br\/portal\/wp-json\/wp\/v2\/tags?post=98701"}],"curies":[{"name":"wp","href":"https:\/\/api.w.org\/{rel}","templated":true}]}}