{"id":98715,"date":"2020-02-28T15:40:20","date_gmt":"2020-02-28T18:40:20","guid":{"rendered":"https:\/\/www.novaconcursos.com.br\/portal\/?p=98715"},"modified":"2025-12-09T11:49:39","modified_gmt":"2025-12-09T14:49:39","slug":"concurso-pc-rj-editais-podem-sair-no-dia-06-de-marco","status":"publish","type":"post","link":"https:\/\/www.novaconcursos.com.br\/portal\/noticias\/concurso-pc-rj-editais-podem-sair-no-dia-06-de-marco\/","title":{"rendered":"Concurso PC RJ: Editais podem sair no dia 06 de mar\u00e7o!"},"content":{"rendered":"<p>Vice-presidente da Faepol, informa que os <strong>editais<\/strong> do <a href=\"https:\/\/www.novaconcursos.com.br\/portal\/concursos\/concurso-policia-civil-rj\/\" data-type=\"link\" data-id=\"https:\/\/www.novaconcursos.com.br\/portal\/concursos\/concurso-policia-civil-rj\/\">concurso PC RJ<\/a> (Pol\u00edcia Civil do Rio de Janeiro) <strong>podem ser divulgados at\u00e9 o dia 06 de mar\u00e7o<\/strong>.<\/p>\n\n\n\n<h2 class=\"wp-block-heading\" id=\"divulgao-dos-editais-do-concurso-pc-rj\">Divulga\u00e7\u00e3o dos editais do concurso PC RJ<\/h2>\n\n\n\n<p><strong>Os editais do concurso PC RJ podem ser divulgados j\u00e1 na primeira semana do m\u00eas de mar\u00e7o, ou seja, at\u00e9 o dia 06 mar\u00e7o<\/strong>. A previs\u00e3o foi passada pela vice-presidente da Faepol (Funda\u00e7\u00e3o de Apoio ao Ensino e Pesquisa da Pol\u00edcia Civil), a delegada Thaianne Moraes, durante uma live em suas redes sociais.<\/p>\n\n\n\n<p>Apesar da expectativa, a vice-presidente refor\u00e7a que esta previs\u00e3o \u00e9 um desejo da Pol\u00edcia Civil do Rio de Janeiro, mas que pode n\u00e3o se concretizar. <strong>De qualquer maneira, os editais seguem previstos para mar\u00e7o<\/strong>.<\/p>\n\n\n\n<p><em>\u201cA gente queria que fosse na primeira semana (divulga\u00e7\u00e3o dos editais), mas eu n\u00e3o tenho como garantir, pode ser at\u00e9 o final do m\u00eas (mar\u00e7o)\u201d<\/em>, informou Thaianne Moraes.<\/p>\n\n\n\n<p>Ainda conforme a vice-presidente da Faepol, <strong>os editais j\u00e1 est\u00e3o prontos<\/strong>. No dia 20 de fevereiro, a delegada j\u00e1 havia informado que o <strong>primeiro concurso a ser publicado ser\u00e1 para o cargo de Delegado<\/strong>, ofertando <strong>47 vagas<\/strong>, e o segundo edital para a carreira de <strong>Perito<\/strong>.<\/p>\n\n\n<div class=\"wp-block-image\">\n<figure class=\"aligncenter is-resized\"><img decoding=\"async\" width=\"1024\" height=\"683\" src=\"https:\/\/www.novaconcursos.com.br\/portal\/wp-content\/uploads\/2019\/07\/PC-RJ-1-1024x683.jpg\" alt=\"Nova-PCRJ\" class=\"wp-image-86917\" style=\"width:794px;height:529px\" loading=\"lazy\" title=\"\" srcset=\"https:\/\/www.novaconcursos.com.br\/portal\/wp-content\/uploads\/2019\/07\/PC-RJ-1-300x200.jpg 300w, https:\/\/www.novaconcursos.com.br\/portal\/wp-content\/uploads\/2019\/07\/PC-RJ-1-1024x683.jpg 1024w\" sizes=\"auto, (max-width: 480px) 100vw, (max-width: 768px) 100vw, (max-width: 1200px) 70vw, 768px\"><\/figure><\/div>\n\n\n<p><em>\u201cEm seguida sair\u00e1 o de inspetor e demais cargos\u201d<\/em>, salientou Thaianne Moraes.<\/p>\n\n\n\n<p>De acordo com os termos de refer\u00eancia dos certames, a <strong>taxa de inscri\u00e7\u00e3o<\/strong> ser\u00e1 de <strong>R$ 55,00<\/strong> para Auxiliar de Necropsia, <strong>R$ 70,00<\/strong> para T\u00e9cnico de Necropsia, <strong>R$ 75,00<\/strong> para Investigador, <strong>R$ 80,00<\/strong> para Inspetor, <strong>R$ 105,00<\/strong> para Perito Legista e Criminal, <strong>R$ 200,00<\/strong> para Delegado.<\/p>\n\n\n\n<p>As <strong>bancas organizadoras<\/strong> do concurso PC RJ j\u00e1 est\u00e3o definidas. Para a sele\u00e7\u00e3o de <strong>Delegado<\/strong>, o <strong>Instituto Acesso<\/strong> ser\u00e1 o respons\u00e1vel. J\u00e1 para os cargos de <strong>Auxiliar de Necropsia, T\u00e9cnico de Necr\u00f3psia, Inspetor, Investigador, Perito Legista e Perito Criminal<\/strong>, a banca organizadora \u00e9 o <strong>Instituto AOCP<\/strong>.<\/p>\n\n\n\n<h2 class=\"wp-block-heading\" id=\"definidas-as-estruturas-das-provas-do-concurso-pc-rj\">Definidas as estruturas das provas do concurso PC RJ<\/h2>\n\n\n\n<p>As <strong>provas objetivas<\/strong> do concurso PC RJ para <strong>Delegado<\/strong> ser\u00e3o aplicadas no m\u00eas de <strong>maio<\/strong>, como adiantado pelo subsecret\u00e1rio de Gest\u00e3o Administrativa da Pol\u00edcia Civil, Fl\u00e1vio Brito. Os candidatos a esse cargo ser\u00e3o submetidos a <strong>provas objetivas, provas discursivas, provas orais, prova de capacidade f\u00edsica, exame psicot\u00e9cnico e exame m\u00e9dico<\/strong>.<\/p>\n\n\n\n<p>Os participantes inscritos aos <strong>demais cargos<\/strong>, ser\u00e3o avaliados apenas por <strong>provas objetivas, prova de capacidade f\u00edsica, exame psicot\u00e9cnico e exame m\u00e9dico<\/strong>.<\/p>\n\n\n\n<p>\u00c9 recomendando pelo diretor de ensino da Academia de Pol\u00edcia Sylvio Terra (Acadepol), delegado Carlos Eduardo Rangel, que os candidatos se prepararem com base nos \u00faltimos concursos da corpora\u00e7\u00e3o. <em>\u201cA prepara\u00e7\u00e3o dos candidatos deve se dar pelas provas anteriores da pr\u00f3pria PC RJ\u201d<\/em>.<\/p>\n\n\n\n<p>Uma vez, <strong>que as provas do concurso Pol\u00edcia Civil do Rio de Janeiro s\u00e3o elaboradas pela comiss\u00e3o examinadora,<\/strong> composta por membros da corpora\u00e7\u00e3o ou de outros \u00f3rg\u00e3os p\u00fablicos.<\/p>\n\n\n\n<p class=\"has-text-align-center\"><a href=\"https:\/\/www.novaconcursos.com.br\/concurso\/pc-rj-policia-civil-do-rio-de-janeiro\/apostila?promo_name=concurso&amp;promo_id=%2Fportal%2Fconcursos%2Fconcurso-policia-civil-rj&amp;promo_creative=Apostilas&amp;promo_position=box-tipo-produto\" target=\"_blank\" rel=\"noreferrer noopener\" aria-label=\"\u00bb Prepare-se para o concurso PC RJ + B\u00d4NUS (GR\u00c1TIS) \u00ab  (abre numa nova aba)\">\u00bb Prepare-se para o concurso PC RJ + B\u00d4NUS (GR\u00c1TIS) \u00ab <\/a><\/p>","protected":false},"excerpt":{"rendered":"<p>Vice-presidente da Faepol, informa que os editais do concurso PC RJ (Pol\u00edcia Civil do Rio de Janeiro) podem ser divulgados at\u00e9 o dia 06 de mar\u00e7o. Divulga\u00e7\u00e3o dos editais do concurso PC RJ Os editais do concurso PC RJ podem ser divulgados j\u00e1 na primeira semana do m\u00eas de mar\u00e7o, ou seja, at\u00e9 o dia [&hellip;]<\/p>\n","protected":false},"author":16,"featured_media":96994,"comment_status":"closed","ping_status":"closed","sticky":false,"template":"","format":"standard","meta":{"_acf_changed":false,"footnotes":"","_wp_rev_ctl_limit":""},"categories":[228],"tags":[],"class_list":["post-98715","post","type-post","status-publish","format-standard","has-post-thumbnail","hentry","category-noticias"],"acf":[],"_links":{"self":[{"href":"https:\/\/www.novaconcursos.com.br\/portal\/wp-json\/wp\/v2\/posts\/98715","targetHints":{"allow":["GET"]}}],"collection":[{"href":"https:\/\/www.novaconcursos.com.br\/portal\/wp-json\/wp\/v2\/posts"}],"about":[{"href":"https:\/\/www.novaconcursos.com.br\/portal\/wp-json\/wp\/v2\/types\/post"}],"author":[{"embeddable":true,"href":"https:\/\/www.novaconcursos.com.br\/portal\/wp-json\/wp\/v2\/users\/16"}],"replies":[{"embeddable":true,"href":"https:\/\/www.novaconcursos.com.br\/portal\/wp-json\/wp\/v2\/comments?post=98715"}],"version-history":[{"count":2,"href":"https:\/\/www.novaconcursos.com.br\/portal\/wp-json\/wp\/v2\/posts\/98715\/revisions"}],"predecessor-version":[{"id":299662,"href":"https:\/\/www.novaconcursos.com.br\/portal\/wp-json\/wp\/v2\/posts\/98715\/revisions\/299662"}],"wp:featuredmedia":[{"embeddable":true,"href":"https:\/\/www.novaconcursos.com.br\/portal\/wp-json\/wp\/v2\/media\/96994"}],"wp:attachment":[{"href":"https:\/\/www.novaconcursos.com.br\/portal\/wp-json\/wp\/v2\/media?parent=98715"}],"wp:term":[{"taxonomy":"category","embeddable":true,"href":"https:\/\/www.novaconcursos.com.br\/portal\/wp-json\/wp\/v2\/categories?post=98715"},{"taxonomy":"post_tag","embeddable":true,"href":"https:\/\/www.novaconcursos.com.br\/portal\/wp-json\/wp\/v2\/tags?post=98715"}],"curies":[{"name":"wp","href":"https:\/\/api.w.org\/{rel}","templated":true}]}}