{"id":98817,"date":"2020-03-03T11:20:31","date_gmt":"2020-03-03T14:20:31","guid":{"rendered":"https:\/\/www.novaconcursos.com.br\/portal\/?p=98817"},"modified":"2026-01-08T09:30:52","modified_gmt":"2026-01-08T12:30:52","slug":"concurso-pm-pr-governador-assina-contrato-com-banca-organizadora-do-certame","status":"publish","type":"post","link":"https:\/\/www.novaconcursos.com.br\/portal\/noticias\/concurso-pm-pr-governador-assina-contrato-com-banca-organizadora-do-certame\/","title":{"rendered":"Concurso PM PR: Governador assina contrato com banca organizadora do certame!"},"content":{"rendered":"<p><\/p><p>O governador do Paran\u00e1, <strong>assinou o contrato com a banca organizadora<\/strong> do <a href=\"https:\/\/www.novaconcursos.com.br\/portal\/concursos\/concurso-pm-pr\/\">concurso <strong>PM PR<\/strong><\/a> (Pol\u00edcia Militar do Paran\u00e1) <strong>edital pode ser divulgado a qualquer momento<\/strong>.<\/p><br>[mauticform id=\u201d138\u2033 chamada=\u201dPDF com Previs\u00f5es para 2020 + Cronograma de Estudos (V\u00eddeos + Arquivo Modelo) + Aulas para come\u00e7ar HOJE!\u201d titulo=\u201dBAIXE GR\u00c1TIS: KIT Aprova\u00e7\u00e3o 2020!\u201d track=\u201dform-pdf-concursos-2020\u2033]\n\n\n\n<h2 class=\"wp-block-heading\" id=\"banca-organizador-ado-concurso-pm-pr\">Banca organizador ado concurso PM PR<\/h2>\n\n\n\n<p>Foi <strong>assinado<\/strong> pelo governador do Paran\u00e1, Carlos Massa Ratinho J\u00fanior, <strong>o contrato com a banca organizadora do concurso PM PR e Bombeiros PR<\/strong>. A <strong>Funpar<\/strong> (Funda\u00e7\u00e3o de Apoio da Universidade Federal do Paran\u00e1), ser\u00e1 a respons\u00e1vel pela publica\u00e7\u00e3o do edital com <strong>2.400 vagas<\/strong>.<\/p>\n\n\n\n<p>O an\u00fancio foi feito na manh\u00e3 do dia 03 de mar\u00e7o, no gabinete de Gest\u00e3o e Informa\u00e7\u00f5es do Pal\u00e1cio Igua\u00e7u, na cidade de Curitiba\/PR. Mediante a assinatura do contrato com a Funpar\/UFPR, <strong>o edital do certame pode ser publicado a qualquer instante<\/strong>.<\/p>\n\n\n\n<p>O governador Ratinho J\u00fanior, iniciou o an\u00fancio agradecendo o\napoio dos parlamentares e da pr\u00f3pria Pol\u00edcia Militar do Paran\u00e1.<\/p>\n\n\n\n<p><em>\u201cN\u00e3o se faz Seguran\u00e7a P\u00fablica sem a for\u00e7a f\u00edsica. Com esse compromisso, n\u00f3s damos hoje in\u00edcio ao concurso p\u00fablico com mais de 2.400 profissionais que v\u00e3o equipar e colaborar com a nossa Pol\u00edcia Militar do Paran\u00e1\u201d<\/em>, informou o governador.<\/p>\n\n\n<div class=\"wp-block-image\">\n<figure class=\"aligncenter is-resized\"><img decoding=\"async\" width=\"1024\" height=\"683\" src=\"https:\/\/www.novaconcursos.com.br\/portal\/wp-content\/uploads\/2019\/08\/PM-PR-4-1024x683.jpg\" alt=\"\" class=\"wp-image-88700\" style=\"width:794px;height:529px\" loading=\"lazy\" title=\"\" srcset=\"https:\/\/www.novaconcursos.com.br\/portal\/wp-content\/uploads\/2019\/08\/PM-PR-4-300x200.jpg 300w, https:\/\/www.novaconcursos.com.br\/portal\/wp-content\/uploads\/2019\/08\/PM-PR-4-1024x683.jpg 1024w\" sizes=\"auto, (max-width: 480px) 100vw, (max-width: 768px) 100vw, (max-width: 1200px) 70vw, 768px\"><\/figure><\/div>\n\n\n<p>Ap\u00f3s o an\u00fancio do governador, o secret\u00e1rio de Seguran\u00e7a P\u00fablica do Paran\u00e1, coronel R\u00f4mulo Marinho Soares, <strong>refor\u00e7ou que ir\u00e1 anunciar em breve o certame para a Pol\u00edcia Civil do Paran\u00e1<\/strong>. J\u00e1 o comandante-geral da Pol\u00edcia Militar, P\u00e9ricles de Matos, lembrou os esfor\u00e7os feitos pela corpora\u00e7\u00e3o.<\/p>\n\n\n\n<p><em>\u201c\u00c9 de extrema import\u00e2ncia esse momento\u201d<\/em>, relatou o comandante-geral.<\/p>\n\n\n\n<p>Em seguida, foi afirmado pelo reitor da UFPR, Dr. Ricardo Marcelo Fonseca, que a realiza\u00e7\u00e3o do concurso PM PR e Bombeiros PR ser\u00e1 um grande desafio. A data de divulga\u00e7\u00e3o do edital n\u00e3o foi informada na ocasi\u00e3o, <strong>mas com a assinatura do contrato a expectativa \u00e9 que o documento seja divulgado a qualquer instante<\/strong>.<\/p>\n\n\n\n<p>Ao todo, o certame ir\u00e1 ofertar <strong>2.400 vagas<\/strong> para o cargo de <strong>Soldado<\/strong>. Deste total, <strong>2.000 vagas<\/strong> ser\u00e3o para a Pol\u00edcia Militar e <strong>400 vagas <\/strong>para o Corpo de Bombeiros. Para pleitear uma das vagas, \u00e9 necess\u00e1rio ter o <strong>n\u00edvel m\u00e9dio completo<\/strong>, e idade m\u00e1xima de <strong>30 anos<\/strong>.<\/p>\n\n\n\n<h2 class=\"wp-block-heading\" id=\"ltimo-concurso-pm-pr-e-bm-pr\">\u00daltimo concurso PM PR e BM PR<\/h2>\n\n\n\n<p>O <strong>\u00faltimo<\/strong> concurso PM PR e BM PR teve seu edital publicado entre os anos de <strong>2012 e 2013<\/strong>. Na ocasi\u00e3o, foram ofertadas <strong>4.445 vagas<\/strong> para a Pol\u00edcia Militar e ainda <strong>819 vagas<\/strong> para os Bombeiros.<\/p>\n\n\n\n<p><strong>Os certames para Soldados s\u00e3o compostos por 5 etapas avaliativas, sendo elas<\/strong>: prova objetiva, exame de capacidade f\u00edsica, exame de sanidade f\u00edsica, avalia\u00e7\u00e3o psicol\u00f3gica e pesquisa social e documental.<\/p>\n\n\n\n<p>A <strong>prova objetiva<\/strong> foi composta por <strong>40 quest\u00f5es<\/strong> de m\u00faltipla escolha, mais uma <strong>reda\u00e7\u00e3o<\/strong>. A perguntas abrangeram as seguintes disciplinas:<\/p>\n\n\n\n<ul class=\"wp-block-list\"><li>L\u00edngua Portuguesa: 10 quest\u00f5es;<\/li>\n<\/ul><ul class=\"wp-block-list\"><li>Matem\u00e1tica: 07 quest\u00f5es;<\/li>\n<\/ul><ul class=\"wp-block-list\"><li>Hist\u00f3ria: 06 quest\u00f5es;<\/li>\n<\/ul><ul class=\"wp-block-list\"><li>Geografia: 06 quest\u00f5es;<\/li>\n<\/ul><ul class=\"wp-block-list\"><li>Inform\u00e1tica: 05 quest\u00f5es;<\/li>\n<\/ul><ul class=\"wp-block-list\"><li>Estatuto da Crian\u00e7a e do Adolescente: 03 quest\u00f5es;<\/li>\n<\/ul><ul class=\"wp-block-list\"><li>Atualidades: 03 quest\u00f5es.<\/li>\n<\/ul><p>Para ter sido <strong>considerado aprovado<\/strong>, foi necess\u00e1rio o participante ter obtido nota igual ou superior a <strong>20 pontos<\/strong>. Os candidatos habilitados, dentro do n\u00famero de vagas especificadas no edital, tiveram a reda\u00e7\u00e3o corrigida.<\/p>\n\n\n\n<p>O <strong>sal\u00e1rio inicial<\/strong> do cargo de Soldado de 2\u00aa Classe, tem o valor de <strong>R$ 1.895,72<\/strong>. Ap\u00f3s a conclus\u00e3o do Curso de Forma\u00e7\u00e3o e o t\u00e9rmino do est\u00e1gio probat\u00f3rio, os ganhos chegam a <strong>R$ 4.180,07<\/strong>, conforme tabela de vencimentos de 2015.<\/p>\n\n\n\n<p class=\"has-text-align-center\"><a href=\"https:\/\/www.novaconcursos.com.br\/concurso\/pm-pr-policia-militar-parana\/apostila?promo_name=concurso&amp;promo_id=%2Fportal%2Fconcursos%2Fconcurso-pm-pr&amp;promo_creative=Apostilas&amp;promo_position=box-tipo-produto\" target=\"_blank\" rel=\"noreferrer noopener\" aria-label=\"\u00bb Prepare-se para o concurso PM PR + B\u00d4NUS (GR\u00c1TIS) \u00ab (abre numa nova aba)\">\u00bb Prepare-se para o concurso PM PR + B\u00d4NUS (GR\u00c1TIS) \u00ab<\/a> <\/p>","protected":false},"excerpt":{"rendered":"<p>O governador do Paran\u00e1, assinou o contrato com a banca organizadora do concurso PM PR (Pol\u00edcia Militar do Paran\u00e1) edital pode ser divulgado a qualquer momento. [mauticform id=\u201d138\u2033 chamada=\u201dPDF com Previs\u00f5es para 2020 + Cronograma de Estudos (V\u00eddeos + Arquivo Modelo) + Aulas para come\u00e7ar HOJE!\u201d titulo=\u201dBAIXE GR\u00c1TIS: KIT Aprova\u00e7\u00e3o 2020!\u201d track=\u201dform-pdf-concursos-2020\u2033] Banca organizador ado [&hellip;]<\/p>\n","protected":false},"author":16,"featured_media":90355,"comment_status":"closed","ping_status":"closed","sticky":false,"template":"","format":"standard","meta":{"_acf_changed":false,"footnotes":"","_wp_rev_ctl_limit":""},"categories":[228],"tags":[],"class_list":["post-98817","post","type-post","status-publish","format-standard","has-post-thumbnail","hentry","category-noticias"],"acf":[],"_links":{"self":[{"href":"https:\/\/www.novaconcursos.com.br\/portal\/wp-json\/wp\/v2\/posts\/98817","targetHints":{"allow":["GET"]}}],"collection":[{"href":"https:\/\/www.novaconcursos.com.br\/portal\/wp-json\/wp\/v2\/posts"}],"about":[{"href":"https:\/\/www.novaconcursos.com.br\/portal\/wp-json\/wp\/v2\/types\/post"}],"author":[{"embeddable":true,"href":"https:\/\/www.novaconcursos.com.br\/portal\/wp-json\/wp\/v2\/users\/16"}],"replies":[{"embeddable":true,"href":"https:\/\/www.novaconcursos.com.br\/portal\/wp-json\/wp\/v2\/comments?post=98817"}],"version-history":[{"count":2,"href":"https:\/\/www.novaconcursos.com.br\/portal\/wp-json\/wp\/v2\/posts\/98817\/revisions"}],"predecessor-version":[{"id":302255,"href":"https:\/\/www.novaconcursos.com.br\/portal\/wp-json\/wp\/v2\/posts\/98817\/revisions\/302255"}],"wp:featuredmedia":[{"embeddable":true,"href":"https:\/\/www.novaconcursos.com.br\/portal\/wp-json\/wp\/v2\/media\/90355"}],"wp:attachment":[{"href":"https:\/\/www.novaconcursos.com.br\/portal\/wp-json\/wp\/v2\/media?parent=98817"}],"wp:term":[{"taxonomy":"category","embeddable":true,"href":"https:\/\/www.novaconcursos.com.br\/portal\/wp-json\/wp\/v2\/categories?post=98817"},{"taxonomy":"post_tag","embeddable":true,"href":"https:\/\/www.novaconcursos.com.br\/portal\/wp-json\/wp\/v2\/tags?post=98817"}],"curies":[{"name":"wp","href":"https:\/\/api.w.org\/{rel}","templated":true}]}}