{"id":98887,"date":"2020-03-05T16:58:48","date_gmt":"2020-03-05T19:58:48","guid":{"rendered":"https:\/\/www.novaconcursos.com.br\/portal\/?p=98887"},"modified":"2025-12-04T10:38:48","modified_gmt":"2025-12-04T13:38:48","slug":"concurso-bacen-projeto-de-autonomia-do-orgao-esta-pronto-para-ser-votado","status":"publish","type":"post","link":"https:\/\/www.novaconcursos.com.br\/portal\/noticias\/concurso-bacen-projeto-de-autonomia-do-orgao-esta-pronto-para-ser-votado\/","title":{"rendered":"Concurso BACEN: Projeto de autonomia do \u00f3rg\u00e3o est\u00e1 pronto para ser votado!"},"content":{"rendered":"<p>Foi informado pelo presidente da C\u00e2mara dos Deputados, <strong>que o projeto de autonomia do \u00f3rg\u00e3o est\u00e1 pronto<\/strong>. O que pode favorecer <strong>abertura<\/strong> do concurso BACEN <a href=\"https:\/\/www.novaconcursos.com.br\/portal\/concursos\/concurso-bacen\/\">(Banco Central do Brasil).<\/a><\/p>\n\n\n\n<h2 class=\"wp-block-heading\" id=\"projeto-de-autonomia-do-bacen\">Projeto de autonomia do BACEN<\/h2>\n\n\n\n<p>O <strong>Projeto de Lei<\/strong> que prev\u00ea a autonomia do Banco Centro do Brasil, <strong>favor\u00e1vel a abertura do novo concurso BACEN<\/strong>, pode ser aprovado pelo Congresso Nacional ainda neste m\u00eas de <strong>mar\u00e7o<\/strong>. A declara\u00e7\u00e3o foi concedida pelo presidente da C\u00e2mara dos Deputados, Rodrigo Maia.<\/p>\n\n\n\n<p>Segundo Maia, <strong>o projeto est\u00e1 pronto para ser votado<\/strong>, mas, ainda depende da rela\u00e7\u00e3o com o governo para avan\u00e7ar.<\/p>\n\n\n\n<p><em>\u201cTem chance de ser votado ainda no primeiro trimestre. Depende muito da rela\u00e7\u00e3o com o governo. Esse \u00e9 um tema nitidamente de governo. Se a rela\u00e7\u00e3o estiver melhor organizada, acho que facilita. \u00c9 um tema que est\u00e1 pronto para votar\u201d<\/em>, salientou Rodrigo Maia.<\/p>\n\n\n\n<p>Foi explicado pelo parlamentar, <strong>que a an\u00e1lise da proposta ser\u00e1 iniciada pelo Senado<\/strong>. Inclusive, essa pauta j\u00e1 foi inclu\u00edda na Ordem do dia do plen\u00e1rio de 03 de mar\u00e7o. Caso o aval seja da maioria, <strong>o texto ser\u00e1 encaminhado para aprecia\u00e7\u00e3o na C\u00e2mara dos Deputados<\/strong>.<\/p>\n\n\n\n<p><em>\u201cVamos esperar o Senado. Mas estamos prontos para votar. Se a C\u00e2mara tiver alguma diverg\u00eancia com o Senado, retifica e devolve. O Senado ter\u00e1 a palavra final\u201d<\/em>, informou o presidente da C\u00e2mara dos Deputados.<\/p>\n\n\n<div class=\"wp-block-image\">\n<figure class=\"aligncenter is-resized\"><img decoding=\"async\" width=\"1024\" height=\"576\" src=\"https:\/\/www.novaconcursos.com.br\/portal\/wp-content\/uploads\/2019\/08\/Bacen-1-1024x576.jpg\" alt=\"\" class=\"wp-image-89517\" style=\"width:796px;height:447px\" loading=\"lazy\" title=\"\" srcset=\"https:\/\/www.novaconcursos.com.br\/portal\/wp-content\/uploads\/2019\/08\/Bacen-1-300x169.jpg 300w, https:\/\/www.novaconcursos.com.br\/portal\/wp-content\/uploads\/2019\/08\/Bacen-1-1024x576.jpg 1024w, https:\/\/www.novaconcursos.com.br\/portal\/wp-content\/uploads\/2019\/08\/Bacen-1.jpg 1200w\" sizes=\"auto, (max-width: 480px) 100vw, (max-width: 768px) 100vw, (max-width: 1200px) 70vw, 768px\"><\/figure><\/div>\n\n\n<p>O PL que est\u00e1 em tramita\u00e7\u00e3o no Senado \u00e9 o PLP 19\/2019, de autoria do senador Pl\u00ednio Val\u00e9rio. <strong>O texto \u00e9 o que mais longe conseguiu avan\u00e7ar sobre a autonomia do BACEN desde ano de 1991<\/strong>, quando iniciativas parlamentares para atua\u00e7\u00e3o independente da autoridade monet\u00e1ria come\u00e7aram a ser apresentadas.<\/p>\n\n\n\n<p><strong>Esse Projeto de Lei teve sua aprova\u00e7\u00e3o no dia 18 de fevereiro, pela Comiss\u00e3o de Assuntos Econ\u00f4micos (CAE) do Senado<\/strong>. Com isso, segue com pedido de urg\u00eancia para an\u00e1lise do Plen\u00e1rio e ainda ter\u00e1 que passar pela C\u00e2mara dos Deputados.<\/p>\n\n\n\n<p>Caso for sancionado, <strong>a independ\u00eancia ser\u00e1 um ponto positivo para a realiza\u00e7\u00e3o do concurso BACEN<\/strong>. Uma vez que o \u00f3rg\u00e3o n\u00e3o iria mais depender do aval do Minist\u00e9rio da Economia para realizar concursos p\u00fablicos, e sanar com a vac\u00e2ncia de profissionais.<\/p>\n\n\n\n<h2 class=\"wp-block-heading\" id=\"edital-do-concurso-bacen-pode-ofertar-260-vagas\">Edital do concurso BACEN pode ofertar 260 vagas<\/h2>\n\n\n\n<p>Para sanar o d\u00e9ficit de novos servidores, o Banco Central busca autoriza\u00e7\u00e3o do Minist\u00e9rio da Economia para abrir concurso p\u00fablico. No ano de 2019, <strong>foi solicitado pedido para concurso BACEN com 260 vagas<\/strong>.<\/p>\n\n\n\n<p>Foram solicitadas <strong>30 vagas<\/strong> para o cargo de T\u00e9cnico, <strong>200 vagas<\/strong> para Analista e <strong>30 vagas<\/strong> para a carreira de Procurador. O que foi complementar a solicita\u00e7\u00e3o feita em 2018 pelo instituto, no entanto, com a inclus\u00e3o das vagas de T\u00e9cnico. Os dados foram obtidos via Acesso \u00e0 Informa\u00e7\u00e3o, em 19 de junho.<\/p>\n\n\n\n<p>O cargo de <strong>T\u00e9cnico<\/strong> tem como pr\u00e9-requisito apenas o <strong>ensino m\u00e9dio<\/strong>, as remunera\u00e7\u00f5es t\u00eam o valor de <strong>R$ 7.741,31<\/strong>, j\u00e1 incluso o aux\u00edlio-alimenta\u00e7\u00e3o de <strong>R$ 458,00<\/strong>. J\u00e1 para a carreira de Analista, a exig\u00eancia \u00e9 o n\u00edvel superior em qualquer \u00e1rea de forma\u00e7\u00e3o, com sal\u00e1rios de <strong>R$ 19.655,06<\/strong>.<\/p>\n\n\n\n<p>O cargo de <strong>Procurador<\/strong>, tem como requisito o <strong>bacharelado em Direito<\/strong>, que tenha exerc\u00edcio comprovado de <strong>dois anos de pr\u00e1tica forense<\/strong>. Ap\u00f3s a aprova\u00e7\u00e3o no certame, os ganhos s\u00e3o de <strong>R$ 21.472,49<\/strong>, por m\u00eas.<\/p>\n\n\n\n<p>Com o d\u00e9ficit superior a <strong>2.700 cargos<\/strong>, o BACEN adotou, em janeiro, o plano de readmitir servidores aposentados. Conforme texto divulgado no Di\u00e1rio Oficial da Uni\u00e3o, <strong>17 oportunidades poder\u00e3o ser preenchidas mediante revers\u00e3o de aposentadorias de servidores do banco<\/strong>.<\/p>\n\n\n\n<p>Desse quantitativo, <strong>10<\/strong> ser\u00e3o para o cargo de Analista (n\u00edvel superior), <strong>2<\/strong> para Procurador (n\u00edvel superior em Direito) e <strong>5<\/strong> para T\u00e9cnico (n\u00edvel m\u00e9dio). <\/p>","protected":false},"excerpt":{"rendered":"<p>Foi informado pelo presidente da C\u00e2mara dos Deputados, que o projeto de autonomia do \u00f3rg\u00e3o est\u00e1 pronto. O que pode favorecer abertura do concurso BACEN (Banco Central do Brasil). Projeto de autonomia do BACEN O Projeto de Lei que prev\u00ea a autonomia do Banco Centro do Brasil, favor\u00e1vel a abertura do novo concurso BACEN, pode [&hellip;]<\/p>\n","protected":false},"author":16,"featured_media":96989,"comment_status":"closed","ping_status":"closed","sticky":false,"template":"","format":"standard","meta":{"_acf_changed":false,"footnotes":"","_wp_rev_ctl_limit":""},"categories":[228],"tags":[],"class_list":["post-98887","post","type-post","status-publish","format-standard","has-post-thumbnail","hentry","category-noticias"],"acf":[],"_links":{"self":[{"href":"https:\/\/www.novaconcursos.com.br\/portal\/wp-json\/wp\/v2\/posts\/98887","targetHints":{"allow":["GET"]}}],"collection":[{"href":"https:\/\/www.novaconcursos.com.br\/portal\/wp-json\/wp\/v2\/posts"}],"about":[{"href":"https:\/\/www.novaconcursos.com.br\/portal\/wp-json\/wp\/v2\/types\/post"}],"author":[{"embeddable":true,"href":"https:\/\/www.novaconcursos.com.br\/portal\/wp-json\/wp\/v2\/users\/16"}],"replies":[{"embeddable":true,"href":"https:\/\/www.novaconcursos.com.br\/portal\/wp-json\/wp\/v2\/comments?post=98887"}],"version-history":[{"count":2,"href":"https:\/\/www.novaconcursos.com.br\/portal\/wp-json\/wp\/v2\/posts\/98887\/revisions"}],"predecessor-version":[{"id":298732,"href":"https:\/\/www.novaconcursos.com.br\/portal\/wp-json\/wp\/v2\/posts\/98887\/revisions\/298732"}],"wp:featuredmedia":[{"embeddable":true,"href":"https:\/\/www.novaconcursos.com.br\/portal\/wp-json\/wp\/v2\/media\/96989"}],"wp:attachment":[{"href":"https:\/\/www.novaconcursos.com.br\/portal\/wp-json\/wp\/v2\/media?parent=98887"}],"wp:term":[{"taxonomy":"category","embeddable":true,"href":"https:\/\/www.novaconcursos.com.br\/portal\/wp-json\/wp\/v2\/categories?post=98887"},{"taxonomy":"post_tag","embeddable":true,"href":"https:\/\/www.novaconcursos.com.br\/portal\/wp-json\/wp\/v2\/tags?post=98887"}],"curies":[{"name":"wp","href":"https:\/\/api.w.org\/{rel}","templated":true}]}}