{"id":98904,"date":"2020-03-06T11:59:16","date_gmt":"2020-03-06T14:59:16","guid":{"rendered":"https:\/\/www.novaconcursos.com.br\/portal\/?p=98904"},"modified":"2020-03-06T11:59:18","modified_gmt":"2020-03-06T14:59:18","slug":"concurso-tj-sc-fique-por-dentro-dos-beneficios-concedidos-pelo-orgao","status":"publish","type":"post","link":"https:\/\/www.novaconcursos.com.br\/portal\/noticias\/concurso-tj-sc-fique-por-dentro-dos-beneficios-concedidos-pelo-orgao\/","title":{"rendered":"Concurso TJ SC: Fique por dentro dos benef\u00edcios concedidos pelo \u00f3rg\u00e3o!"},"content":{"rendered":"<p>Com o edital do <a href=\"https:\/\/www.novaconcursos.com.br\" target=\"_blank\" rel=\"noreferrer noopener\" aria-label=\"concurso (abre numa nova aba)\">concurso<\/a> <strong>TJ SC<\/strong> (Tribunal de Justi\u00e7a de Santa Catarina) divulgado, <strong>confira quais as gratifica\u00e7\u00f5es e os benef\u00edcios concedidos aos aprovados no certame<\/strong>.<\/p>\n\n\n\n<h2 class=\"wp-block-heading\" id=\"benefcios-e-gratificaes-do-concurso-tj-sc\">Benef\u00edcios e gratifica\u00e7\u00f5es do concurso TJ SC<\/h2>\n\n\n\n<p>O edital do concurso TJ SC j\u00e1 foi publicado, inclusive as inscri\u00e7\u00f5es est\u00e3o abertas para os n\u00edveis m\u00e9dio e superior. <strong>O certame tem vencimentos b\u00e1sicos de at\u00e9 R$ 6.000,00<\/strong>, mas os ganhos n\u00e3o param por a\u00ed.<\/p>\n\n\n\n<p>Os candidatos aprovados na sele\u00e7\u00e3o do Tribunal de Justi\u00e7a de Santa Catarina, <strong>ir\u00e3o poder fazer jus a uma s\u00e9rie de benef\u00edcios elevando os ganhos a at\u00e9 mais de R$ 8.000,00<\/strong>.<\/p>\n\n\n\n<p><strong>A lista de benef\u00edcios concedidos aos servidores efetivos do \u00f3rg\u00e3o, inclui: <\/strong>aux\u00edlio-alimenta\u00e7\u00e3o, aux\u00edlio-creche, aux\u00edlio-funeral, aux\u00edlio-sa\u00fade, bolsa de estudo, conv\u00eanios com institui\u00e7\u00f5es de ensino, inclus\u00e3o de dependentes, empr\u00e9stimo consignado, al\u00e9m do vale-transporte.<\/p>\n\n\n\n<p>\u00c9 informado pelo TJ SC que tem uma pol\u00edtica de concess\u00e3o de ben\u00e9ficos voltada aos seus interesses e aos interesses dos servidores, pois isso acaba <strong>revertendo em benef\u00edcio da popula\u00e7\u00e3o catarinense na medida em que melhora a presta\u00e7\u00e3o do servi\u00e7o<\/strong>.<\/p>\n\n\n\n<p>Todos os benef\u00edcios foram institu\u00eddos e s\u00e3o <strong>regulamentados por resolu\u00e7\u00f5es que tamb\u00e9m estabelecem os crit\u00e9rios de concess\u00e3o<\/strong>.<\/p>\n\n\n\n<h3 class=\"wp-block-heading\">Aux\u00edlio Alimenta\u00e7\u00e3o (R$ 1.392,00)<\/h3>\n\n\n\n<p>O benef\u00edcio de aux\u00edlio-alimenta\u00e7\u00e3o \u00e9 destinado ao custeio de <strong>despesas com alimenta\u00e7\u00e3o, sendo concedido de forma autom\u00e1tica<\/strong>. O valor \u00e9 creditado diretamente na folha de pagamento do servidor.<\/p>\n\n\n\n<h3 class=\"wp-block-heading\">Aux\u00edlio Creche (R$ 652,30)<\/h3>\n\n\n\n<p>\u00c9 concedido aos servidores que tem dependentes com idade entre <strong>4 meses e 6 anos, o valor mensal do benef\u00edcio \u00e9 de R$ 652,30<\/strong>, por dependente. Caso a crian\u00e7a seja dependente de dois servidores do \u00f3rg\u00e3o, apenas um deles ir\u00e1 receber o aux\u00edlio.<\/p>\n\n\n\n<h3 class=\"wp-block-heading\">Aux\u00edlio Funeral (vari\u00e1vel)<\/h3>\n\n\n\n<p>O benef\u00edcio corresponde a um m\u00eas de sal\u00e1rio e \u00e9 isento de imposto de renda. <strong>O valor ser\u00e1 concedido ao c\u00f4njuge ou companheiro de uni\u00e3o est\u00e1vel ou herdeiros do servidor<\/strong>, em caso de acumula\u00e7\u00e3o legal de cargos, o valor ir\u00e1 corresponder ao de maior remunera\u00e7\u00e3o.<\/p>\n\n\n\n<p>Al\u00e9m disso, se o falecimento do servidor no desempenho de suas atividades ocorrer fora do local de trabalho, inclusive em outros estados ou no exterior, <strong>as despesas com o traslado do corpo ser\u00e3o ressarcidas<\/strong>.<\/p>\n\n\n\n<div class=\"wp-block-image\"><figure class=\"aligncenter is-resized\"><img decoding=\"async\" src=\"https:\/\/www.novaconcursos.com.br\/portal\/wp-content\/uploads\/2019\/09\/TJ-SC-1-1024x602.jpg\" alt=\"\" class=\"wp-image-92275\" width=\"780\" height=\"457\" loading=\"lazy\" title=\"\" srcset=\"https:\/\/www.novaconcursos.com.br\/portal\/wp-content\/uploads\/2019\/09\/TJ-SC-1-300x176.jpg 300w, https:\/\/www.novaconcursos.com.br\/portal\/wp-content\/uploads\/2019\/09\/TJ-SC-1.jpg 1280w\" sizes=\"auto, (max-width: 480px) 100vw, (max-width: 768px) 100vw, (max-width: 1200px) 70vw, 768px\"><\/figure><\/div>\n\n\n\n<h3 class=\"wp-block-heading\">Aux\u00edlio Sa\u00fade (at\u00e9 R$ 396,87)<\/h3>\n\n\n\n<p><strong>O benef\u00edcio visa custear parcialmente despesas com plano m\u00e9dico\/odontol\u00f3gico e seguro sa\u00fade<\/strong>, existe um limite estipulado pelo TJ SC conforme a faixa et\u00e1ria do usu\u00e1rio, sendo o seguinte:<\/p>\n\n\n\n<ul class=\"wp-block-list\"><li>Aposentados por Invalidez: R$ 396,87;<\/li><\/ul><ul class=\"wp-block-list\"><li>60 anos ou mais: R$ 396,87;<\/li><\/ul><ul class=\"wp-block-list\"><li>50 a 59 anos: R$ 330,73;<\/li><\/ul><ul class=\"wp-block-list\"><li>40 a 49 anos: R$ 264,58;<\/li><\/ul><ul class=\"wp-block-list\"><li>30 a 39 anos: R$ 198,43;<\/li><\/ul><ul class=\"wp-block-list\"><li>At\u00e9 29 anos: R$ 132,29.<\/li><\/ul><p>Para a concess\u00e3o do aux\u00edlio-sa\u00fade, \u00e9 considerado pelo \u00f3rg\u00e3o dependentes dos servidores os <strong>c\u00f4njuges ou companheiros, filhos e enteados menores de 18 anos ou, se maiores de 18 anos, que sejam economicamente dependentes<\/strong>, entre outras situa\u00e7\u00f5es espec\u00edficas.<\/p>\n\n\n\n<p>Vale ressaltar, que os servidores poder\u00e3o estar vinculados a outras vantagens relacionadas \u00e0 sa\u00fade, <strong>n\u00e3o fazendo jus ao benef\u00edcio, como o SC Sa\u00fade<\/strong> (Sistema de Assist\u00eancia \u00e0 Sa\u00fade dos Servidores do Estado de Santa Catarina).<\/p>\n\n\n\n<h3 class=\"wp-block-heading\">Programa Bolsa de Estudo<\/h3>\n\n\n\n<p>O benef\u00edcio concedido de bolsa de estudos integra o Programa de Capacita\u00e7\u00e3o e Qualifica\u00e7\u00e3o dos Servidores do Poder Judici\u00e1rio de Santa Catarina, <strong>e faz parte da pol\u00edtica de valoriza\u00e7\u00e3o e avalia\u00e7\u00e3o cont\u00ednua dos talentos humanos do tribunal<\/strong>.<\/p>\n\n\n\n<p>Tem direito os servidores efetivos, ou seja, <strong>que ingressaram por meio do concurso TJ SC, e visa ao aprimoramento desses profissionais<\/strong>. Contudo, o \u00f3rg\u00e3o n\u00e3o informou detalhes sobre crit\u00e9rios e regulamento para a concess\u00e3o das bolsas.<\/p>\n\n\n\n<h3 class=\"wp-block-heading\">Conv\u00eanios com Institui\u00e7\u00f5es de Ensino<\/h3>\n\n\n\n<p>Outra vantagem para quem \u00e9 servidor do TJ SC, s\u00e3o os conv\u00eanios firmados com institui\u00e7\u00f5es de ensino. <strong>O benef\u00edcio \u00e9 para magistrados, servidores e seus dependentes, e possibilita descontos no valor das mensalidades<\/strong>.<\/p>\n\n\n\n<p>O site do TJ SC mant\u00e9m uma tabela atualizada com as institui\u00e7\u00f5es conveniadas e as ofertas dispon\u00edveis. No momento, os descontos podem chegar a <strong>20%<\/strong> e h\u00e1 outras vantagens, como reserva de vagas.<\/p>\n\n\n\n<h3 class=\"wp-block-heading\">Empr\u00e9stimo Consignado<\/h3>\n\n\n\n<p><strong>O empr\u00e9stimo consignado \u00e9 uma modalidade em que o desconto da presta\u00e7\u00e3o \u00e9 feito diretamente na folha de pagamento do servidor<\/strong>, sendo respeitada a margem consign\u00e1vel. Poder\u00e1 haver descontos facultativos (empr\u00e9stimo, plano de sa\u00fade, seguro, sindicato, associa\u00e7\u00e3o), em at\u00e9 <strong>40%<\/strong>. O prazo m\u00e1ximo para as presta\u00e7\u00f5es \u00e9 de <strong>120 meses<\/strong>.<\/p>\n\n\n\n<h3 class=\"wp-block-heading\">Inclus\u00e3o de Dependentes<\/h3>\n\n\n\n<p><strong>O servidor pode indicar dependentes para dedu\u00e7\u00e3o de parcela do imposto de renda e\/ou para futuro benef\u00edcio previdenci\u00e1rio<\/strong>, de acordo com regras estabelecidas pela Receita Federal. Ser\u00e1 deduzida da base de c\u00e1lculo a quantia de <strong>R$ 189,59<\/strong> por dependente.<\/p>\n\n\n\n<h3 class=\"wp-block-heading\">Isen\u00e7\u00e3o da Contribui\u00e7\u00e3o Previdenci\u00e1ria e do Imposto de Renda<\/h3>\n\n\n\n<p>A isen\u00e7\u00e3o do imposto de renda \u00e9 concedida somente a servidores <strong>aposentados por acidente em servi\u00e7o, ou por mol\u00e9stia profissional<\/strong>. Tamb\u00e9m t\u00eam direitos os aposentados que possuem algumas doen\u00e7as como <strong>tuberculose ativa, aliena\u00e7\u00e3o mental, esclerose m\u00faltipla<\/strong>, entre outras.<\/p>\n\n\n\n<p><strong>J\u00e1 a isen\u00e7\u00e3o da contribui\u00e7\u00e3o previdenci\u00e1ria \u00e9 para servidores aposentados<\/strong>, mas \u00e9 parcial. Ou seja, limita o desconto da contribui\u00e7\u00e3o previdenci\u00e1ria dos ganhos da aposentadoria.<\/p>\n\n\n\n<h3 class=\"wp-block-heading\">Vale Transporte<\/h3>\n\n\n\n<p><strong>O benef\u00edcio do vale-transporte \u00e9 concedido mensalmente a todos os servidores para utiliza\u00e7\u00e3o de transporte coletivo<\/strong>. O vale-transporte ser\u00e1 custeado pelo servidor, no equivalente a <strong>6%<\/strong> do seu sal\u00e1rio, descontados na folha de pagamento, o excedente ser\u00e1 custeado pelo TJ SC.<\/p>\n\n\n\n<div class=\"wp-block-image\"><figure class=\"aligncenter is-resized\"><img decoding=\"async\" src=\"https:\/\/www.novaconcursos.com.br\/portal\/wp-content\/uploads\/2019\/09\/TJ-SC-1024x576.jpg\" alt=\"\" class=\"wp-image-90736\" width=\"781\" height=\"439\" loading=\"lazy\" title=\"\" srcset=\"https:\/\/www.novaconcursos.com.br\/portal\/wp-content\/uploads\/2019\/09\/TJ-SC-300x169.jpg 300w, https:\/\/www.novaconcursos.com.br\/portal\/wp-content\/uploads\/2019\/09\/TJ-SC-1024x576.jpg 1024w, https:\/\/www.novaconcursos.com.br\/portal\/wp-content\/uploads\/2019\/09\/TJ-SC.jpg 1200w\" sizes=\"auto, (max-width: 480px) 100vw, (max-width: 768px) 100vw, (max-width: 1200px) 70vw, 768px\"><\/figure><\/div>\n\n\n\n<h2 class=\"wp-block-heading\" id=\"inscries-do-concurso-tj-sc\">Inscri\u00e7\u00f5es do concurso TJ SC<\/h2>\n\n\n\n<p>As <strong>inscri\u00e7\u00f5es<\/strong> do concurso TJ SC, ficar\u00e3o abertas at\u00e9 o dia <strong>31 de mar\u00e7o de 2020<\/strong>. Os que desejam se inscrever, devem ser candidatar atrav\u00e9s do site da banca organizadora, <a href=\"https:\/\/www.concursosfcc.com.br\/concursos\/tjusc119\/index.html\" target=\"_blank\" rel=\"noreferrer noopener\" aria-label=\"Funda\u00e7\u00e3o Carlos Chagas (FCC) (abre numa nova aba)\">Funda\u00e7\u00e3o Carlos Chagas (FCC)<\/a>.<\/p>\n\n\n\n<p>A taxa de inscri\u00e7\u00e3o tem o valor de <strong>R$ 68,00<\/strong> para cargos de n\u00edvel m\u00e9dio e de <strong>R$ 85,00<\/strong> para os cargos de n\u00edvel superior. Os pagamentos dever\u00e3o ser efetuados, via boleto banc\u00e1rio, at\u00e9 o \u00faltimo dia do prazo de inscri\u00e7\u00e3o.<\/p>\n\n\n\n<p>Membros de fam\u00edlias de <strong>baixa renda, doadores de sangue e\/ou medula \u00f3ssea, al\u00e9m de pessoas com defici\u00eancia com renda mensal que n\u00e3o ultrapassa dois sal\u00e1rios m\u00ednimos podem pedir isen\u00e7\u00e3o da taxa<\/strong>. O pedido deve ser feito tamb\u00e9m no site da banca organizadora, sendo aceito somente at\u00e9 o dia <strong>06 de mar\u00e7o<\/strong>.<\/p>\n\n\n\n<p style=\"text-align:center\"><a href=\"https:\/\/www.novaconcursos.com.br\/concurso\/tj-sc-tribunal-de-justica-do-estado-de-santa-catarina\/apostila?promo_name=concurso&amp;promo_id=%2Fportal%2Fconcursos%2Fconcurso-tj-sc&amp;promo_creative=Apostilas&amp;promo_position=box-tipo-produto\" target=\"_blank\" rel=\"noreferrer noopener\" aria-label=\"\u00bb Prepare-se para o concurso TJ SC + B\u00d4NUS (GR\u00c1TIS)\u00a0\u00ab (abre numa nova aba)\">\u00bb Prepare-se para o concurso TJ SC + B\u00d4NUS (GR\u00c1TIS)\u00a0\u00ab<\/a> <\/p>","protected":false},"excerpt":{"rendered":"<p>Com o edital do concurso TJ SC (Tribunal de Justi\u00e7a de Santa Catarina) divulgado, confira quais as gratifica\u00e7\u00f5es e os benef\u00edcios concedidos aos aprovados no certame. Benef\u00edcios e gratifica\u00e7\u00f5es do concurso TJ SC O edital do concurso TJ SC j\u00e1 foi publicado, inclusive as inscri\u00e7\u00f5es est\u00e3o abertas para os n\u00edveis m\u00e9dio e superior. O certame [&hellip;]<\/p>\n","protected":false},"author":16,"featured_media":92273,"comment_status":"closed","ping_status":"closed","sticky":false,"template":"","format":"standard","meta":{"_acf_changed":false,"footnotes":"","_wp_rev_ctl_limit":""},"categories":[228],"tags":[],"class_list":["post-98904","post","type-post","status-publish","format-standard","has-post-thumbnail","hentry","category-noticias"],"acf":[],"_links":{"self":[{"href":"https:\/\/www.novaconcursos.com.br\/portal\/wp-json\/wp\/v2\/posts\/98904","targetHints":{"allow":["GET"]}}],"collection":[{"href":"https:\/\/www.novaconcursos.com.br\/portal\/wp-json\/wp\/v2\/posts"}],"about":[{"href":"https:\/\/www.novaconcursos.com.br\/portal\/wp-json\/wp\/v2\/types\/post"}],"author":[{"embeddable":true,"href":"https:\/\/www.novaconcursos.com.br\/portal\/wp-json\/wp\/v2\/users\/16"}],"replies":[{"embeddable":true,"href":"https:\/\/www.novaconcursos.com.br\/portal\/wp-json\/wp\/v2\/comments?post=98904"}],"version-history":[{"count":1,"href":"https:\/\/www.novaconcursos.com.br\/portal\/wp-json\/wp\/v2\/posts\/98904\/revisions"}],"predecessor-version":[{"id":98905,"href":"https:\/\/www.novaconcursos.com.br\/portal\/wp-json\/wp\/v2\/posts\/98904\/revisions\/98905"}],"wp:featuredmedia":[{"embeddable":true,"href":"https:\/\/www.novaconcursos.com.br\/portal\/wp-json\/wp\/v2\/media\/92273"}],"wp:attachment":[{"href":"https:\/\/www.novaconcursos.com.br\/portal\/wp-json\/wp\/v2\/media?parent=98904"}],"wp:term":[{"taxonomy":"category","embeddable":true,"href":"https:\/\/www.novaconcursos.com.br\/portal\/wp-json\/wp\/v2\/categories?post=98904"},{"taxonomy":"post_tag","embeddable":true,"href":"https:\/\/www.novaconcursos.com.br\/portal\/wp-json\/wp\/v2\/tags?post=98904"}],"curies":[{"name":"wp","href":"https:\/\/api.w.org\/{rel}","templated":true}]}}