{"id":99158,"date":"2020-03-18T15:40:37","date_gmt":"2020-03-18T18:40:37","guid":{"rendered":"https:\/\/www.novaconcursos.com.br\/portal\/?p=99158"},"modified":"2020-03-18T15:40:40","modified_gmt":"2020-03-18T18:40:40","slug":"concurso-cress-ro-provas-do-certame-sao-adiadas","status":"publish","type":"post","link":"https:\/\/www.novaconcursos.com.br\/portal\/noticias\/concurso-cress-ro-provas-do-certame-sao-adiadas\/","title":{"rendered":"Concurso CRESS-RO: Provas do certame s\u00e3o adiadas!"},"content":{"rendered":"<p>Ap\u00f3s a dissemina\u00e7\u00e3o do Coronav\u00edrus, as <strong>provas<\/strong> do <a href=\"https:\/\/www.novaconcursos.com.br\" target=\"_blank\" rel=\"noreferrer noopener\" aria-label=\"concurso (abre numa nova aba)\">concurso<\/a> <strong>CRESS-RO<\/strong> (Conselho Regional de Servi\u00e7o Social da 23\u00aa Regi\u00e3o) <strong>foram adiadas<\/strong>. Medida \u00e9 para evitar riscos de contamina\u00e7\u00e3o!<\/p>\n\n\n\n<p><a href=\"https:\/\/www.novaconcursos.com.br\/portal\/wp-content\/uploads\/2020\/03\/1_CRESS-RO_concurso-publico_2020_comunicado_16_03_20.pdf\" target=\"_blank\" rel=\"noreferrer noopener\" aria-label=\"\u21d2 Confira o comunicado informando o adiamento das provas do concurso CRESS-RO! \u21d0 (abre numa nova aba)\">\u21d2 Confira o comunicado informando o adiamento das provas do concurso CRESS-RO! \u21d0<\/a><\/p>\n\n\n\n<h2 class=\"wp-block-heading\" id=\"adiamento-das-provas-do-concurso-cressro\">Adiamento das provas do concurso CRESS-RO<\/h2>\n\n\n\n<p>A banca organizadora, <a href=\"http:\/\/www.quadrix.org.br\/todos-os-concursos\/em-andamento\/cressro.aspx\" target=\"_blank\" rel=\"noreferrer noopener\" aria-label=\"Instituto Quadrix (abre numa nova aba)\">Instituto Quadrix<\/a>, e o Conselho Regional de Servi\u00e7o Social da 23\u00aa Regi\u00e3o, <strong>decidiram pelo adiamento das provas do concurso CRESS-RO, devido ao risco de contamina\u00e7\u00e3o pelo Coronav\u00edrus<\/strong>. O comunicado foi divulgado no site da banca organizadora.<\/p>\n\n\n\n<p><strong>As provas estavam agendadas para serem aplicadas no dia 22 de mar\u00e7o<\/strong>. A diretoria do Instituto Quadrix, divulgar\u00e1 um novo cronograma em data oportuna e afirma no comunicado que a decis\u00e3o foi em respeito aos candidatos inscritos e \u00e0 popula\u00e7\u00e3o do Estado.<\/p>\n\n\n\n<p><em>\u201cO Instituto Quadrix e o Conselho Regional de Servi\u00e7o Social da 23\u00aa Regi\u00e3o (CRESS-RO) afirmam que est\u00e3o solid\u00e1rios \u00e0s medidas adotadas em todo o Pa\u00eds para evitar a dissemina\u00e7\u00e3o do v\u00edrus e, assim que poss\u00edvel, retornar\u00e3o as atividades regulares do concurso\u201d<\/em>.<\/p>\n\n\n\n<p>As provas ter\u00e3o car\u00e1ter eliminat\u00f3rio e classificat\u00f3rio, sendo composta por <strong>50 quest\u00f5es de m\u00faltipla escolha<\/strong> nas disciplinas de Conhecimentos B\u00e1sicos (20 quest\u00f5es) e Conhecimentos Espec\u00edficos (30 quest\u00f5es).<\/p>\n\n\n\n<p>Os candidatos aprovados para os cargos de <strong>n\u00edvel superior<\/strong>, ainda ir\u00e3o passar pela etapa classificat\u00f3ria de <strong>avalia\u00e7\u00e3o de t\u00edtulos<\/strong>, que valer\u00e1 at\u00e9 <strong>10 pontos<\/strong>, ainda que os documentos apresentados ultrapassem essa soma. As duas etapas ser\u00e3o realizadas nas cidades de Porto Velho\/RO e Ji Paran\u00e1\/RO.<\/p>\n\n\n\n<div class=\"wp-block-image\"><figure class=\"aligncenter is-resized\"><img decoding=\"async\" src=\"https:\/\/www.novaconcursos.com.br\/portal\/wp-content\/uploads\/2020\/01\/CRESS-RO-1-1024x655.png\" alt=\"\" class=\"wp-image-96325\" width=\"796\" height=\"506\" loading=\"lazy\" title=\"\"><\/figure><\/div>\n\n\n\n<h2 class=\"wp-block-heading\" id=\"vagas-ofertadas-no-concurso-cressro\">Vagas ofertadas no concurso CRESS-RO<\/h2>\n\n\n\n<p>O concurso CRESS-RO oferta <strong>29 vagas<\/strong> para diversos cargos de <strong>n\u00edveis m\u00e9dio e superior<\/strong>. As oportunidades s\u00e3o distribu\u00eddas para oferta de car\u00e1ter imediato e forma\u00e7\u00e3o de cadastro, com reserva de vagas para candidatos negros e deficientes.<\/p>\n\n\n\n<p>Do total de chances, <strong>11 vagas<\/strong> s\u00e3o para Agente Administrativo, <strong>06 vagas <\/strong>para Agente Fiscal, <strong>06 vagas<\/strong> para T\u00e9cnico Administrativo Executivo e <strong>06 vagas<\/strong> para T\u00e9cnico Administrativo Financeiro.<\/p>\n\n\n\n<p>Para a carreira de Agente Administrativo, s\u00e3o <strong>02 vagas<\/strong> de car\u00e1ter imediato e <strong>09 vagas<\/strong> para forma\u00e7\u00e3o de cadastro reserva. Em todos os demais cargos, haver\u00e1 apenas <strong>01 vaga <\/strong>de car\u00e1ter imediato e <strong>05 vagas <\/strong>para forma\u00e7\u00e3o de cadastro reserva. A lota\u00e7\u00e3o de todos os aprovados, ser\u00e1 em Porto Velho\/RO.<\/p>\n\n\n\n<p>Os sal\u00e1rios variam entre <strong>R$ 1.422,56 e R$ 3.007,98<\/strong>, que varia de acordo com o cargo pretendido. J\u00e1 a carga hor\u00e1ria \u00e9 de <strong>30 horas semanais<\/strong>. As contrata\u00e7\u00f5es s\u00e3o feitas pelo regime CLT (Consolida\u00e7\u00e3o das Leis Trabalhistas).<\/p>\n\n\n\n<p><strong>O prazo de validade do concurso ser\u00e1 de dois anos<\/strong>, podendo ser prorrogado por igual per\u00edodo. Durante esse tempo, mais vagas poder\u00e3o ser preenchidas. <\/p>","protected":false},"excerpt":{"rendered":"<p>Ap\u00f3s a dissemina\u00e7\u00e3o do Coronav\u00edrus, as provas do concurso CRESS-RO (Conselho Regional de Servi\u00e7o Social da 23\u00aa Regi\u00e3o) foram adiadas. Medida \u00e9 para evitar riscos de contamina\u00e7\u00e3o! \u21d2 Confira o comunicado informando o adiamento das provas do concurso CRESS-RO! \u21d0 Adiamento das provas do concurso CRESS-RO A banca organizadora, Instituto Quadrix, e o Conselho Regional [&hellip;]<\/p>\n","protected":false},"author":16,"featured_media":96322,"comment_status":"closed","ping_status":"closed","sticky":false,"template":"","format":"standard","meta":{"_acf_changed":false,"footnotes":"","_wp_rev_ctl_limit":""},"categories":[228],"tags":[],"class_list":["post-99158","post","type-post","status-publish","format-standard","has-post-thumbnail","hentry","category-noticias"],"acf":[],"_links":{"self":[{"href":"https:\/\/www.novaconcursos.com.br\/portal\/wp-json\/wp\/v2\/posts\/99158","targetHints":{"allow":["GET"]}}],"collection":[{"href":"https:\/\/www.novaconcursos.com.br\/portal\/wp-json\/wp\/v2\/posts"}],"about":[{"href":"https:\/\/www.novaconcursos.com.br\/portal\/wp-json\/wp\/v2\/types\/post"}],"author":[{"embeddable":true,"href":"https:\/\/www.novaconcursos.com.br\/portal\/wp-json\/wp\/v2\/users\/16"}],"replies":[{"embeddable":true,"href":"https:\/\/www.novaconcursos.com.br\/portal\/wp-json\/wp\/v2\/comments?post=99158"}],"version-history":[{"count":1,"href":"https:\/\/www.novaconcursos.com.br\/portal\/wp-json\/wp\/v2\/posts\/99158\/revisions"}],"predecessor-version":[{"id":99160,"href":"https:\/\/www.novaconcursos.com.br\/portal\/wp-json\/wp\/v2\/posts\/99158\/revisions\/99160"}],"wp:featuredmedia":[{"embeddable":true,"href":"https:\/\/www.novaconcursos.com.br\/portal\/wp-json\/wp\/v2\/media\/96322"}],"wp:attachment":[{"href":"https:\/\/www.novaconcursos.com.br\/portal\/wp-json\/wp\/v2\/media?parent=99158"}],"wp:term":[{"taxonomy":"category","embeddable":true,"href":"https:\/\/www.novaconcursos.com.br\/portal\/wp-json\/wp\/v2\/categories?post=99158"},{"taxonomy":"post_tag","embeddable":true,"href":"https:\/\/www.novaconcursos.com.br\/portal\/wp-json\/wp\/v2\/tags?post=99158"}],"curies":[{"name":"wp","href":"https:\/\/api.w.org\/{rel}","templated":true}]}}