{"id":54694,"name":"Amanda Faria Dias","url":"","description":"Graduanda em Letras L\u00ednguas Estrangeiras pela Universidade Federal de Alfenas (Unifal-MG), realiza estudos na \u00e1rea de tradu\u00e7\u00e3o e atualmente integra o grupo de reda\u00e7\u00e3o da Nova Concursos.","link":"https:\/\/www.novaconcursos.com.br\/portal\/author\/dias\/","slug":"dias","avatar_urls":{"24":"https:\/\/www.novaconcursos.com.br\/portal\/wp-content\/uploads\/2025\/01\/amanda-faria-dias_avatar-24x24.jpeg","48":"https:\/\/www.novaconcursos.com.br\/portal\/wp-content\/uploads\/2025\/01\/amanda-faria-dias_avatar-48x48.jpeg","96":"https:\/\/www.novaconcursos.com.br\/portal\/wp-content\/uploads\/2025\/01\/amanda-faria-dias_avatar-96x96.jpeg"},"meta":[],"acf":[],"_links":{"self":[{"href":"https:\/\/www.novaconcursos.com.br\/portal\/wp-json\/wp\/v2\/users\/54694","targetHints":{"allow":["GET"]}}],"collection":[{"href":"https:\/\/www.novaconcursos.com.br\/portal\/wp-json\/wp\/v2\/users"}]}}